{"id":11209,"date":"2024-06-23T21:06:37","date_gmt":"2024-06-23T19:06:37","guid":{"rendered":"https:\/\/altglasfieber.de\/altglas\/?p=11209"},"modified":"2024-07-16T11:49:57","modified_gmt":"2024-07-16T09:49:57","slug":"mittelwertbildung-bei-selektiver-messung","status":"publish","type":"post","link":"https:\/\/altglasfieber.de\/altglas\/2024\/06\/23\/mittelwertbildung-bei-selektiver-messung\/","title":{"rendered":"Mittelwert mit selektiver Messung"},"content":{"rendered":"\n<p>Ein \u201enormaler\u201c Handbelichtungsmesser bildet bei der Messung mit einem Messwinkel von etwa 30 Grad einen Durchschnittswert. Belichtungsmesser sind geeicht, der Wert entspricht der definierten Helligkeit einer Graukarte mit (theoretisch wenigstens) 18%. Mit einem Handbelichtungsmesser lassen sich damit wahrscheinlich 95% aller fotografischen Aufgaben erfolgreich bew\u00e4ltigen. Wird aber eine v\u00f6llig schwarze Fl\u00e4che gemessen und mit der angegebenen Blenden-Zeit-Kombination fotografiert, erh\u00e4lt man beispielsweise nicht schwarz, sondern das \u201eGraukartengrau\u201c mit 18%. Wird eine v\u00f6llig wei\u00dfe Fl\u00e4che gemessen, erh\u00e4lt man mit der angegebenen Blenden-Zeit-Kombination ebenfalls nicht Wei\u00df, sondern Grau mit 18%. Damit ist ein Belichtungsmesser f\u00fcr bestimmte Aufgaben leider nicht immer das passende Werkzeug. Die Mittelwertbildung mit selektiver Messung kann hier eine Methode sein, die es erm\u00f6glicht, pr\u00e4zisere Belichtungswerte zu ermitteln. Statt eine allgemeine Messung der gesamten Szene durchzuf\u00fchren, konzentriert sich diese Methode auf die bildwichtigen hellsten und dunkelsten Bereiche des Motivs um in beiden Bereichen noch Zeichnung zu haben.<\/p>\n\n\n<div class=\"wp-block-image\">\n<figure class=\"aligncenter size-large\"><img loading=\"lazy\" decoding=\"async\" width=\"1024\" height=\"683\" src=\"https:\/\/altglasfieber.de\/altglas\/wp-content\/uploads\/2024\/06\/A07C990C-C964-487A-B348-F04154309A9A-1024x683.jpeg\" alt=\"\" class=\"wp-image-11214\" srcset=\"https:\/\/altglasfieber.de\/altglas\/wp-content\/uploads\/2024\/06\/A07C990C-C964-487A-B348-F04154309A9A-1024x683.jpeg 1024w, https:\/\/altglasfieber.de\/altglas\/wp-content\/uploads\/2024\/06\/A07C990C-C964-487A-B348-F04154309A9A-300x200.jpeg 300w, https:\/\/altglasfieber.de\/altglas\/wp-content\/uploads\/2024\/06\/A07C990C-C964-487A-B348-F04154309A9A-768x513.jpeg 768w, https:\/\/altglasfieber.de\/altglas\/wp-content\/uploads\/2024\/06\/A07C990C-C964-487A-B348-F04154309A9A.jpeg 1500w\" sizes=\"auto, (max-width: 1024px) 100vw, 1024px\" \/><\/figure><\/div>\n\n\n<p>Die Belichtungswerte dieser extremen Punkte werden gemessen und dann gemittelt, um einen ausgewogenen Belichtungswert zu erhalten, der die wirklichen Helligkeitsunterschiede des Motivs ber\u00fccksichtigt. Aber auch Film hat nur einen bestimmten Kontrastumfang und so sollten die beiden Extreme nach M\u00f6glichkeit nicht weiter als 6 Blendenstufen auseinander liegen. Daher ist diese Methode kein allgemein g\u00fcltiger \u201eStein der Weisen\u201c und ebenso mehr f\u00fcr Landschaft- und Architekurfotografie, als Portraitfotografie geeignet. Hierf\u00fcr wird eigentlich ein Spotmeter mit einem kleinen Messwinkel ben\u00f6tigt. Der Sekonic L-858D Spotmesser mit einem Messwinkel von 1 Grad ist (leider) einer der wenigen aktuellen Belichtungsmesser der eben diese Spotmessungen erlaubt. Spotmessung w\u00e4re auch mit der SLR m\u00f6glich, allerdings w\u00fcrde man f\u00fcr eine 1 Grad Messung eine Brennweite von etwa 2000 mm ben\u00f6tigen. Der Mittelwert wird vom Spotmeter automatisch gebildet oder kann nat\u00fcrlich auch rechnerisch ermittelt werden. Der gebildete Mittelwert sagt aber nichts \u00fcber die entsprechende Mengenverteilung zwischen \u201ehell\u201c und \u201edunkel\u201c aus.<\/p>\n\n\n<div class=\"wp-block-image\">\n<figure class=\"aligncenter size-large\"><img loading=\"lazy\" decoding=\"async\" width=\"1024\" height=\"683\" src=\"https:\/\/altglasfieber.de\/altglas\/wp-content\/uploads\/2024\/06\/C0A64261-3D75-49C3-AEE3-14CEA22D3240-1024x683.jpeg\" alt=\"\" class=\"wp-image-11215\" srcset=\"https:\/\/altglasfieber.de\/altglas\/wp-content\/uploads\/2024\/06\/C0A64261-3D75-49C3-AEE3-14CEA22D3240-1024x683.jpeg 1024w, https:\/\/altglasfieber.de\/altglas\/wp-content\/uploads\/2024\/06\/C0A64261-3D75-49C3-AEE3-14CEA22D3240-300x200.jpeg 300w, https:\/\/altglasfieber.de\/altglas\/wp-content\/uploads\/2024\/06\/C0A64261-3D75-49C3-AEE3-14CEA22D3240-768x513.jpeg 768w, https:\/\/altglasfieber.de\/altglas\/wp-content\/uploads\/2024\/06\/C0A64261-3D75-49C3-AEE3-14CEA22D3240.jpeg 1500w\" sizes=\"auto, (max-width: 1024px) 100vw, 1024px\" \/><\/figure><\/div>\n\n\n<p><strong>Messen des hellsten bildwichtigen Bereiches<\/strong><\/p>\n\n\n\n<p>Richten Sie den Spotmesser auf den hellsten Teil der Szene, wie die hellen Bereiche der Wolken. Messen Sie die Helligkeit mit der einen Taste und speichern Sie den Wert mit der anderen Taste. <\/p>\n\n\n\n<p><strong>Messen des dunkelsten bildwichtigen Bereiches<\/strong><\/p>\n\n\n\n<p>Richten Sie den Spotmesser auf den dunkelsten Teil der Szene, wie die Schatten im Vordergrund. Messen Sie auch diese Helligkeit und speichern Sie erneut den Wert.<\/p>\n\n\n<div class=\"wp-block-image\">\n<figure class=\"aligncenter size-large\"><img loading=\"lazy\" decoding=\"async\" width=\"1024\" height=\"683\" src=\"https:\/\/altglasfieber.de\/altglas\/wp-content\/uploads\/2024\/06\/32D76D97-724B-4FF1-882B-97BF77FD8C3A-1024x683.jpeg\" alt=\"\" class=\"wp-image-11216\" srcset=\"https:\/\/altglasfieber.de\/altglas\/wp-content\/uploads\/2024\/06\/32D76D97-724B-4FF1-882B-97BF77FD8C3A-1024x683.jpeg 1024w, https:\/\/altglasfieber.de\/altglas\/wp-content\/uploads\/2024\/06\/32D76D97-724B-4FF1-882B-97BF77FD8C3A-300x200.jpeg 300w, https:\/\/altglasfieber.de\/altglas\/wp-content\/uploads\/2024\/06\/32D76D97-724B-4FF1-882B-97BF77FD8C3A-768x513.jpeg 768w, https:\/\/altglasfieber.de\/altglas\/wp-content\/uploads\/2024\/06\/32D76D97-724B-4FF1-882B-97BF77FD8C3A.jpeg 1500w\" sizes=\"auto, (max-width: 1024px) 100vw, 1024px\" \/><\/figure><\/div>\n\n\n<p><strong>Mittelwert berechnen lassen <\/strong><\/p>\n\n\n\n<p>Links unten im Display vom Sekonic L-858D findet sich die Taste um beide gespeicherten Messwerte zu mitteln. Nun k\u00f6nnen zur Bildgestaltung und Tiefensch\u00e4rfe passende Blenden-Verschlusszeit-Kombinationen ausgew\u00e4hlt werden.<\/p>\n\n\n<div class=\"wp-block-image\">\n<figure class=\"aligncenter size-large\"><img loading=\"lazy\" decoding=\"async\" width=\"1024\" height=\"683\" src=\"https:\/\/altglasfieber.de\/altglas\/wp-content\/uploads\/2024\/06\/EA93E6EB-8726-4BF5-93C9-CA38286EF4DD-1024x683.jpeg\" alt=\"\" class=\"wp-image-11217\" srcset=\"https:\/\/altglasfieber.de\/altglas\/wp-content\/uploads\/2024\/06\/EA93E6EB-8726-4BF5-93C9-CA38286EF4DD-1024x683.jpeg 1024w, https:\/\/altglasfieber.de\/altglas\/wp-content\/uploads\/2024\/06\/EA93E6EB-8726-4BF5-93C9-CA38286EF4DD-300x200.jpeg 300w, https:\/\/altglasfieber.de\/altglas\/wp-content\/uploads\/2024\/06\/EA93E6EB-8726-4BF5-93C9-CA38286EF4DD-768x513.jpeg 768w, https:\/\/altglasfieber.de\/altglas\/wp-content\/uploads\/2024\/06\/EA93E6EB-8726-4BF5-93C9-CA38286EF4DD.jpeg 1500w\" sizes=\"auto, (max-width: 1024px) 100vw, 1024px\" \/><\/figure><\/div>","protected":false},"excerpt":{"rendered":"<p>Ein \u201enormaler\u201c Handbelichtungsmesser bildet bei der Messung mit einem Messwinkel von etwa 30 Grad einen &hellip; <a href=\"https:\/\/altglasfieber.de\/altglas\/2024\/06\/23\/mittelwertbildung-bei-selektiver-messung\/\" class=\"more-link\"><span>Continue reading<span class=\"screen-reader-text\">Mittelwert mit selektiver Messung<\/span><\/span><\/a><\/p>\n","protected":false},"author":2,"featured_media":11217,"comment_status":"open","ping_status":"open","sticky":false,"template":"","format":"standard","meta":{"footnotes":""},"categories":[143],"tags":[591,1045,1044,1043,1038,1042,1039,1041,1040],"class_list":["post-11209","post","type-post","status-publish","format-standard","has-post-thumbnail","hentry","category-tech","tag-belichtungsmesser","tag-durchschnittswert","tag-l-858","tag-l858","tag-mittelwert","tag-sekonic","tag-selektive-messung","tag-spotmesser","tag-spotmessung"],"_links":{"self":[{"href":"https:\/\/altglasfieber.de\/altglas\/wp-json\/wp\/v2\/posts\/11209","targetHints":{"allow":["GET"]}}],"collection":[{"href":"https:\/\/altglasfieber.de\/altglas\/wp-json\/wp\/v2\/posts"}],"about":[{"href":"https:\/\/altglasfieber.de\/altglas\/wp-json\/wp\/v2\/types\/post"}],"author":[{"embeddable":true,"href":"https:\/\/altglasfieber.de\/altglas\/wp-json\/wp\/v2\/users\/2"}],"replies":[{"embeddable":true,"href":"https:\/\/altglasfieber.de\/altglas\/wp-json\/wp\/v2\/comments?post=11209"}],"version-history":[{"count":20,"href":"https:\/\/altglasfieber.de\/altglas\/wp-json\/wp\/v2\/posts\/11209\/revisions"}],"predecessor-version":[{"id":11334,"href":"https:\/\/altglasfieber.de\/altglas\/wp-json\/wp\/v2\/posts\/11209\/revisions\/11334"}],"wp:featuredmedia":[{"embeddable":true,"href":"https:\/\/altglasfieber.de\/altglas\/wp-json\/wp\/v2\/media\/11217"}],"wp:attachment":[{"href":"https:\/\/altglasfieber.de\/altglas\/wp-json\/wp\/v2\/media?parent=11209"}],"wp:term":[{"taxonomy":"category","embeddable":true,"href":"https:\/\/altglasfieber.de\/altglas\/wp-json\/wp\/v2\/categories?post=11209"},{"taxonomy":"post_tag","embeddable":true,"href":"https:\/\/altglasfieber.de\/altglas\/wp-json\/wp\/v2\/tags?post=11209"}],"curies":[{"name":"wp","href":"https:\/\/api.w.org\/{rel}","templated":true}]}}