{"id":3179,"date":"2022-08-06T20:52:36","date_gmt":"2022-08-06T18:52:36","guid":{"rendered":"https:\/\/altglasfieber.de\/altglas\/?p=3179"},"modified":"2022-08-07T10:10:44","modified_gmt":"2022-08-07T08:10:44","slug":"das-fenster-zum-hof-ihagee-exakta-iia","status":"publish","type":"post","link":"https:\/\/altglasfieber.de\/altglas\/2022\/08\/06\/das-fenster-zum-hof-ihagee-exakta-iia\/","title":{"rendered":"&#8222;Das Fenster zum Hof&#8220; &#8211; Ihagee Exakta Varex (&#8230;hier die IIA)"},"content":{"rendered":"<div class=\"wp-block-image\">\n<figure class=\"aligncenter\"><img loading=\"lazy\" decoding=\"async\" width=\"1024\" height=\"683\" src=\"https:\/\/altglasfieber.de\/altglas\/wp-content\/uploads\/2022\/08\/exakta2-1024x683.jpg\" alt=\"\" class=\"wp-image-3210\" srcset=\"https:\/\/altglasfieber.de\/altglas\/wp-content\/uploads\/2022\/08\/exakta2-1024x683.jpg 1024w, https:\/\/altglasfieber.de\/altglas\/wp-content\/uploads\/2022\/08\/exakta2-300x200.jpg 300w, https:\/\/altglasfieber.de\/altglas\/wp-content\/uploads\/2022\/08\/exakta2-768x513.jpg 768w, https:\/\/altglasfieber.de\/altglas\/wp-content\/uploads\/2022\/08\/exakta2.jpg 1500w\" sizes=\"auto, (max-width: 1024px) 100vw, 1024px\" \/><\/figure><\/div>\n\n\n<figure class=\"wp-block-audio\"><audio controls src=\"https:\/\/altglasfieber.de\/altglas\/wp-content\/uploads\/2022\/08\/Mozartstrasse-2.m4a\"><\/audio><\/figure>\n\n\n<div class=\"wp-block-image\">\n<figure class=\"aligncenter size-large\"><img loading=\"lazy\" decoding=\"async\" width=\"1024\" height=\"763\" src=\"https:\/\/altglasfieber.de\/altglas\/wp-content\/uploads\/2022\/08\/imago0053690510h-1024x763.jpg\" alt=\"\" class=\"wp-image-3226\" srcset=\"https:\/\/altglasfieber.de\/altglas\/wp-content\/uploads\/2022\/08\/imago0053690510h-1024x763.jpg 1024w, https:\/\/altglasfieber.de\/altglas\/wp-content\/uploads\/2022\/08\/imago0053690510h-300x223.jpg 300w, https:\/\/altglasfieber.de\/altglas\/wp-content\/uploads\/2022\/08\/imago0053690510h-768x572.jpg 768w, https:\/\/altglasfieber.de\/altglas\/wp-content\/uploads\/2022\/08\/imago0053690510h-1536x1144.jpg 1536w, https:\/\/altglasfieber.de\/altglas\/wp-content\/uploads\/2022\/08\/imago0053690510h-2048x1526.jpg 2048w\" sizes=\"auto, (max-width: 1024px) 100vw, 1024px\" \/><figcaption>Bildnummer: 53690510  Datum: 29.12.1954  Copyright: imago\/Granata Images James Stewart und Grace Kelly IN &#8211; Das Fenster zum Hof &#8211; erworbene Lizenz: Rights Managed-Web<\/figcaption><\/figure><\/div>\n\n<p style=\"text-align: left;\"><span style=\"font-family: 'Arial',sans-serif;\">James Stewart verk\u00f6rpert im Thriller von Alfred Hitchcock \u201cDas Fenster zum Hof\u201c einen <strong><span style=\"font-family: 'Arial',sans-serif; font-weight: normal;\">freiheitsliebenden Fotojournalisten und Weltenbummler. Nach einem Arbeitsunfall sitzt dieser erstmal mit gebrochenen Bein im Rollstuhl und kann sein New Yorker Appartement nicht verlassen. Getrieben aus einer Mischung von Neugier, Langeweile und Voyeurismus beobachtet er das bunte Treiben seiner Nachbarschaft. Neben dem \u201ceinsamen Herz\u201c, \u201cMiss Torso\u201c oder dem \u201ePianisten\u201c beobachtet er unter anderem das eher langweilige Ehepaar Thorwald. Als Mrs. Thorwald eines Nachts verschwindet ist<br \/>der Fotojournalist davon \u00fcberzeugt, dass sich der Ehemann seiner Ehefrau entledigt hat. Weder seine Verlobte, gespielt von Grace Kelly, seine Krankenschwester, noch sein Freund von der Polizei lassen sich von seinen Theorien so recht \u00fcberzeugen. Von Neugier gepackt, begibt sich der Journalist und seine Verlobte zunehmend in Lebensgefahr. Die entsprechende Ihagee Exakte VX, beziehungsweise das Kamerazubeh\u00f6r, rettet ihm letztlich das Leben, indem er seinen Angreifer aus der Dunkelheit heraus mit dem Blitz blendet. Dabei rettet er sein Leben, bricht sich aber auch noch das zweite Bein.<\/span><\/strong><\/span><\/p>\n<p><img loading=\"lazy\" decoding=\"async\" width=\"1024\" height=\"683\" class=\"wp-image-3218 aligncenter\" src=\"https:\/\/altglasfieber.de\/altglas\/wp-content\/uploads\/2022\/08\/exakta8-1024x683.jpg\" alt=\"\" srcset=\"https:\/\/altglasfieber.de\/altglas\/wp-content\/uploads\/2022\/08\/exakta8-1024x683.jpg 1024w, https:\/\/altglasfieber.de\/altglas\/wp-content\/uploads\/2022\/08\/exakta8-300x200.jpg 300w, https:\/\/altglasfieber.de\/altglas\/wp-content\/uploads\/2022\/08\/exakta8-768x513.jpg 768w, https:\/\/altglasfieber.de\/altglas\/wp-content\/uploads\/2022\/08\/exakta8.jpg 1500w\" sizes=\"auto, (max-width: 1024px) 100vw, 1024px\" \/><\/p>\n<p><strong><span style=\"font-family: 'Arial',sans-serif; font-weight: normal;\">Bleibt die berechtigte spannende Frage, wie ein fototechnisches Produkt der DDR den Weg in eine Hollywood Filmproduktion findet. Das ist gar nicht so ungew\u00f6hnlich, denn die Exakta war ein devisenbringendes Exportprodukt der DDR mit einem scheinbar endlosen Zubeh\u00f6rangebot f\u00fcr s\u00e4mtliche fotografischen Aufgaben und einem ganzen Arsenal an Objektiven. So befindet sich auch auf meiner Exakta IIA der ge\u00e4tzte Hinweis U.S.S.R OCCUPIED.<\/span><\/strong><\/p>\n<p><!-- \/wp:post-content --><!-- wp:paragraph --><\/p>\n<p><strong><span style=\"font-family: 'Arial',sans-serif; font-weight: normal;\">Zur Geschichte der Ihagee. Der Holl\u00e4nder Johan Steenbergen <\/span><\/strong><strong><span style=\"font-family: 'Arial',sans-serif; font-weight: normal;\">wird nach Dresden geschickt, um gem\u00e4\u00df den Fu\u00dfstapfen seines Vaters in die Textilindustrie einzusteigen. Doch der junge Steenbergen hat anderes im Sinn. Nach dem Tod des Vaters nicht mehr an Verpflichtungen gebunden, beginnt er bei der Ernemann AG, um daraufhin seine eigene Firma zu gr\u00fcnden. 1912 gr\u00fcndet er die \u201e<\/span><\/strong><span style=\"font-family: 'Arial',sans-serif; color: #202122; background: white;\">Industrie- und Handelsgesellschaft mbH\u201c, welche sp\u00e4ter in <\/span><strong><span style=\"font-family: 'Arial',sans-serif; font-weight: normal;\">Ihagee umbenannt wird. Mit Karl N\u00fcchterlein gewinnt die Ihagee einen talentierten Mechaniker und Konstrukteur. Der Konstrukteur der Kine Exakta erlebte allerdings die Umsetzung seiner Pl\u00e4ne nicht mehr, da er zur Wehrmacht eingezogen wurde und seit 1945 in Jugoslawien als vermisst gilt. Bahnbrechende Leistung von Ihagee war die Entwicklung der<br \/>ersten Spiegelreflexkamera f\u00fcr 35mm Film. <\/span><\/strong><span style=\"font-family: 'Arial',sans-serif;\">Im Jahr 1941 wird das Unternehmen von den Nationalsozialisten konfisziert. Steenbergen verl\u00e4sst mit seiner Frau j\u00fcdischer Abstammung Dresden, emigriert zun\u00e4chst in die USA, um sp\u00e4ter nach Westdeutschland als Honorarkonsul nach Hannover zur\u00fcckzukehren. Das Ihagee Kamerawerk wird im zweiten Weltkrieg vollst\u00e4ndig zerst\u00f6rt, zieht in neue R\u00e4umlichkeiten um die Produktion unter Verwaltung wieder aufzunehmen. Nach vielen Rechtsstreitigkeiten zwischen Ost und West verliert das Unternehmen zunehmend an Bedeutung gegen\u00fcber der VBE und schlie\u00dft seine T\u00fcren f\u00fcr immer.\u00a0<\/span><\/p>\n<p><img loading=\"lazy\" decoding=\"async\" width=\"1024\" height=\"683\" class=\"wp-image-3211\" src=\"https:\/\/altglasfieber.de\/altglas\/wp-content\/uploads\/2022\/08\/exakta3-1024x683.jpg\" alt=\"\" srcset=\"https:\/\/altglasfieber.de\/altglas\/wp-content\/uploads\/2022\/08\/exakta3-1024x683.jpg 1024w, https:\/\/altglasfieber.de\/altglas\/wp-content\/uploads\/2022\/08\/exakta3-300x200.jpg 300w, https:\/\/altglasfieber.de\/altglas\/wp-content\/uploads\/2022\/08\/exakta3-768x513.jpg 768w, https:\/\/altglasfieber.de\/altglas\/wp-content\/uploads\/2022\/08\/exakta3.jpg 1500w\" sizes=\"auto, (max-width: 1024px) 100vw, 1024px\" \/><\/p>\n<p><strong><span style=\"font-family: 'Arial',sans-serif; font-weight: normal;\">Die hier vorgestellte Ihagee EXAKTA Varex IIA gilt als H\u00f6hepunkt der Modellreihe und Weiterentwicklung der Kine EXAKTA, welche das Dresdner Werk verlassen hat. Aufgrund des gravierten Schriftzuges und einer Verschlusszeit von 1\/150 handelt es sich um ein fr\u00fches Modell um 1956. Sp\u00e4ter wurde auf diese Verschlusszeit verzichtet und der Schriftzug gepr\u00e4gt.\u00a0<\/span><\/strong><\/p>\n<p><!-- \/wp:paragraph --><!-- wp:paragraph --><\/p>\n<p><!-- \/wp:paragraph --><!-- wp:paragraph --><\/p>\n<p><!-- \/wp:paragraph --><\/p>\n<p><!-- wp:image {\"align\":\"center\",\"id\":3211,\"sizeSlug\":\"large\",\"linkDestination\":\"none\"} --><\/p>\n<p><!-- \/wp:image --><\/p>\n<p><!-- wp:image {\"align\":\"center\",\"id\":3210,\"sizeSlug\":\"large\",\"linkDestination\":\"none\"} --><\/p>\n<figure class=\"wp-block-image aligncenter size-large\"><\/figure>\n<p><!-- \/wp:image --><\/p>\n<p><!-- wp:image {\"align\":\"center\",\"id\":3209,\"sizeSlug\":\"large\",\"linkDestination\":\"none\"} --><\/p>\n<p><!-- \/wp:image --><\/p>\n<p><!-- wp:image {\"id\":3208,\"sizeSlug\":\"large\",\"linkDestination\":\"none\"} --><\/p>\n<p><!-- \/wp:image --><\/p>\n<p><!-- wp:image {\"id\":3207,\"sizeSlug\":\"large\",\"linkDestination\":\"none\"} --><\/p>\n<figure class=\"wp-block-image size-large\"><img loading=\"lazy\" decoding=\"async\" width=\"1024\" height=\"683\" class=\"wp-image-3207 aligncenter\" src=\"https:\/\/altglasfieber.de\/altglas\/wp-content\/uploads\/2022\/08\/exakta4-1024x683.jpg\" alt=\"\" srcset=\"https:\/\/altglasfieber.de\/altglas\/wp-content\/uploads\/2022\/08\/exakta4-1024x683.jpg 1024w, https:\/\/altglasfieber.de\/altglas\/wp-content\/uploads\/2022\/08\/exakta4-300x200.jpg 300w, https:\/\/altglasfieber.de\/altglas\/wp-content\/uploads\/2022\/08\/exakta4-768x513.jpg 768w, https:\/\/altglasfieber.de\/altglas\/wp-content\/uploads\/2022\/08\/exakta4.jpg 1500w\" sizes=\"auto, (max-width: 1024px) 100vw, 1024px\" \/><\/figure>\n<p><!-- \/wp:image --><\/p>\n<p><!-- wp:image {\"align\":\"center\",\"id\":3214,\"sizeSlug\":\"large\",\"linkDestination\":\"none\"} --><\/p>\n<figure class=\"wp-block-image aligncenter size-large\"><img loading=\"lazy\" decoding=\"async\" width=\"768\" height=\"1024\" class=\"wp-image-3214 aligncenter\" src=\"https:\/\/altglasfieber.de\/altglas\/wp-content\/uploads\/2022\/08\/IMG_2203-768x1024.jpg\" alt=\"\" srcset=\"https:\/\/altglasfieber.de\/altglas\/wp-content\/uploads\/2022\/08\/IMG_2203-768x1024.jpg 768w, https:\/\/altglasfieber.de\/altglas\/wp-content\/uploads\/2022\/08\/IMG_2203-225x300.jpg 225w, https:\/\/altglasfieber.de\/altglas\/wp-content\/uploads\/2022\/08\/IMG_2203-1152x1536.jpg 1152w, https:\/\/altglasfieber.de\/altglas\/wp-content\/uploads\/2022\/08\/IMG_2203-1536x2048.jpg 1536w, https:\/\/altglasfieber.de\/altglas\/wp-content\/uploads\/2022\/08\/IMG_2203-scaled.jpg 1920w\" sizes=\"auto, (max-width: 768px) 100vw, 768px\" \/><\/figure>\n<p><!-- \/wp:image --><\/p>\n<p><!-- wp:image {\"id\":3215,\"sizeSlug\":\"large\",\"linkDestination\":\"none\"} --><\/p>\n<p><!-- \/wp:image --><\/p>\n<p><!-- wp:image {\"align\":\"center\",\"id\":3219,\"sizeSlug\":\"large\",\"linkDestination\":\"none\"} --><\/p>\n<p><!-- \/wp:image --><\/p>\n<p><!-- wp:paragraph --><\/p>\n<p>Beim Sucher handelt es sich weniger um eine Mattscheibe, sondern mehr um eine Feldlinse mit mattierter Unterseite. \u00c4hnlich wie bei der Voigtl\u00e4nder Brillant oder einer Lubitel ist das Sucherbild entsprechend sehr hell und klar.\u00a0<\/p>\n<p><!-- \/wp:paragraph --><\/p>\n<p><!-- wp:image {\"id\":3230,\"sizeSlug\":\"large\",\"linkDestination\":\"none\"} --><\/p>\n<figure class=\"wp-block-image size-large\"><img loading=\"lazy\" decoding=\"async\" width=\"1024\" height=\"683\" class=\"wp-image-3230\" src=\"https:\/\/altglasfieber.de\/altglas\/wp-content\/uploads\/2022\/08\/exakta9-1024x683.jpg\" alt=\"\" srcset=\"https:\/\/altglasfieber.de\/altglas\/wp-content\/uploads\/2022\/08\/exakta9-1024x683.jpg 1024w, https:\/\/altglasfieber.de\/altglas\/wp-content\/uploads\/2022\/08\/exakta9-300x200.jpg 300w, https:\/\/altglasfieber.de\/altglas\/wp-content\/uploads\/2022\/08\/exakta9-768x513.jpg 768w, https:\/\/altglasfieber.de\/altglas\/wp-content\/uploads\/2022\/08\/exakta9.jpg 1500w\" sizes=\"auto, (max-width: 1024px) 100vw, 1024px\" \/><\/figure>\n<p><!-- \/wp:image --><\/p>\n<p><!-- wp:paragraph --><\/p>\n<p>Au\u00dfergew\u00f6hnlich modern zum Rest der Kamera wirkt die farblich eloxierte Aufnahmespule.<\/p>\n<p><!-- \/wp:paragraph --><\/p>\n<figure><\/figure>\n<figure class=\"wp-block-image aligncenter size-large\"><img loading=\"lazy\" decoding=\"async\" width=\"1024\" height=\"683\" class=\"wp-image-3219\" src=\"https:\/\/altglasfieber.de\/altglas\/wp-content\/uploads\/2022\/08\/exakta6-1024x683.jpg\" alt=\"\" srcset=\"https:\/\/altglasfieber.de\/altglas\/wp-content\/uploads\/2022\/08\/exakta6-1024x683.jpg 1024w, https:\/\/altglasfieber.de\/altglas\/wp-content\/uploads\/2022\/08\/exakta6-300x200.jpg 300w, https:\/\/altglasfieber.de\/altglas\/wp-content\/uploads\/2022\/08\/exakta6-768x513.jpg 768w, https:\/\/altglasfieber.de\/altglas\/wp-content\/uploads\/2022\/08\/exakta6.jpg 1500w\" sizes=\"auto, (max-width: 1024px) 100vw, 1024px\" \/><\/figure>\n<p><!-- \/wp:image --><\/p>\n<p><!-- wp:image {\"align\":\"center\",\"id\":3218,\"sizeSlug\":\"large\",\"linkDestination\":\"none\"} --><\/p>\n<figure><span style=\"font-family: 'Arial',sans-serif;\">\u00a0<\/span>Auch noch heute ungew\u00f6hnlich und f\u00fcr die Exakta typisch ist das Filmschneidemesser um einen Film teilbelichtet zu entnehmen<\/figure>\n<figure class=\"wp-block-image aligncenter size-large\"><\/figure>\n<p><!-- \/wp:image --><\/p>\n<p><!-- wp:image {\"align\":\"center\",\"id\":3217,\"sizeSlug\":\"large\",\"linkDestination\":\"none\"} --><\/p>\n<p><!-- \/wp:image --><\/p>\n<p><!-- wp:paragraph --><\/p>\n<p><!-- wp:image {\"align\":\"center\",\"id\":3217,\"sizeSlug\":\"large\",\"linkDestination\":\"none\"} --><\/p>\n<figure class=\"wp-block-image aligncenter size-large\"><img loading=\"lazy\" decoding=\"async\" width=\"1024\" height=\"683\" class=\"wp-image-3217\" src=\"https:\/\/altglasfieber.de\/altglas\/wp-content\/uploads\/2022\/08\/exakta7-1024x683.jpg\" alt=\"\" srcset=\"https:\/\/altglasfieber.de\/altglas\/wp-content\/uploads\/2022\/08\/exakta7-1024x683.jpg 1024w, https:\/\/altglasfieber.de\/altglas\/wp-content\/uploads\/2022\/08\/exakta7-300x200.jpg 300w, https:\/\/altglasfieber.de\/altglas\/wp-content\/uploads\/2022\/08\/exakta7-768x513.jpg 768w, https:\/\/altglasfieber.de\/altglas\/wp-content\/uploads\/2022\/08\/exakta7.jpg 1500w\" sizes=\"auto, (max-width: 1024px) 100vw, 1024px\" \/><\/figure>\n<p><!-- \/wp:image --><\/p>\n<p><!-- wp:paragraph --><\/p>\n<p>Wer sich n\u00e4her mit dem Exaktasystem besch\u00e4ftigen m\u00f6chte, dem lege ich den Internetblog <strong>www.exakta-kamera.de<\/strong> von Adrian Langhammer nahe.<\/p>\n<p><!-- \/wp:paragraph --><\/p>\n<p><!-- wp:paragraph --><\/p>\n<p>Fotos vom ersten Testfilm mit Biotar unter Flickr <a href=\"https:\/\/flic.kr\/s\/aHBqjA1ZeQ\">https:\/\/flic.kr\/s\/aHBqjA1ZeQ<\/a><\/p>\n<p><!-- \/wp:paragraph --><\/p>\n<p><!-- wp:image {\"align\":\"center\",\"id\":3243,\"sizeSlug\":\"large\",\"linkDestination\":\"none\"} --><\/p>\n<figure class=\"wp-block-image aligncenter size-large\"><img loading=\"lazy\" decoding=\"async\" width=\"1024\" height=\"668\" class=\"wp-image-3243\" src=\"https:\/\/altglasfieber.de\/altglas\/wp-content\/uploads\/2022\/08\/exakta10-1024x668.jpg\" alt=\"\" srcset=\"https:\/\/altglasfieber.de\/altglas\/wp-content\/uploads\/2022\/08\/exakta10-1024x668.jpg 1024w, https:\/\/altglasfieber.de\/altglas\/wp-content\/uploads\/2022\/08\/exakta10-300x196.jpg 300w, https:\/\/altglasfieber.de\/altglas\/wp-content\/uploads\/2022\/08\/exakta10-768x501.jpg 768w, https:\/\/altglasfieber.de\/altglas\/wp-content\/uploads\/2022\/08\/exakta10.jpg 1500w\" sizes=\"auto, (max-width: 1024px) 100vw, 1024px\" \/><\/figure>\n<p><!-- \/wp:image --><\/p>","protected":false},"excerpt":{"rendered":"<p>James Stewart verk\u00f6rpert im Thriller von Alfred Hitchcock \u201cDas Fenster zum Hof\u201c einen freiheitsliebenden Fotojournalisten &hellip; <a href=\"https:\/\/altglasfieber.de\/altglas\/2022\/08\/06\/das-fenster-zum-hof-ihagee-exakta-iia\/\" class=\"more-link\"><span>Continue reading<span class=\"screen-reader-text\">&#8222;Das Fenster zum Hof&#8220; &#8211; Ihagee Exakta Varex (&#8230;hier die IIA)<\/span><\/span><\/a><\/p>\n","protected":false},"author":2,"featured_media":3226,"comment_status":"open","ping_status":"open","sticky":false,"template":"","format":"standard","meta":{"footnotes":""},"categories":[6],"tags":[348,347,346,349,350,351],"class_list":["post-3179","post","type-post","status-publish","format-standard","has-post-thumbnail","hentry","category-altmetall","tag-biotar","tag-exakta","tag-ihagee","tag-tessar","tag-varex","tag-varexiia"],"_links":{"self":[{"href":"https:\/\/altglasfieber.de\/altglas\/wp-json\/wp\/v2\/posts\/3179","targetHints":{"allow":["GET"]}}],"collection":[{"href":"https:\/\/altglasfieber.de\/altglas\/wp-json\/wp\/v2\/posts"}],"about":[{"href":"https:\/\/altglasfieber.de\/altglas\/wp-json\/wp\/v2\/types\/post"}],"author":[{"embeddable":true,"href":"https:\/\/altglasfieber.de\/altglas\/wp-json\/wp\/v2\/users\/2"}],"replies":[{"embeddable":true,"href":"https:\/\/altglasfieber.de\/altglas\/wp-json\/wp\/v2\/comments?post=3179"}],"version-history":[{"count":39,"href":"https:\/\/altglasfieber.de\/altglas\/wp-json\/wp\/v2\/posts\/3179\/revisions"}],"predecessor-version":[{"id":3247,"href":"https:\/\/altglasfieber.de\/altglas\/wp-json\/wp\/v2\/posts\/3179\/revisions\/3247"}],"wp:featuredmedia":[{"embeddable":true,"href":"https:\/\/altglasfieber.de\/altglas\/wp-json\/wp\/v2\/media\/3226"}],"wp:attachment":[{"href":"https:\/\/altglasfieber.de\/altglas\/wp-json\/wp\/v2\/media?parent=3179"}],"wp:term":[{"taxonomy":"category","embeddable":true,"href":"https:\/\/altglasfieber.de\/altglas\/wp-json\/wp\/v2\/categories?post=3179"},{"taxonomy":"post_tag","embeddable":true,"href":"https:\/\/altglasfieber.de\/altglas\/wp-json\/wp\/v2\/tags?post=3179"}],"curies":[{"name":"wp","href":"https:\/\/api.w.org\/{rel}","templated":true}]}}