{"id":3856,"date":"2023-08-31T20:47:00","date_gmt":"2023-08-31T18:47:00","guid":{"rendered":"https:\/\/altglasfieber.de\/altglas\/?p=3856"},"modified":"2024-05-21T23:28:11","modified_gmt":"2024-05-21T21:28:11","slug":"contax-story-i-teil-1","status":"publish","type":"post","link":"https:\/\/altglasfieber.de\/altglas\/2023\/08\/31\/contax-story-i-teil-1\/","title":{"rendered":"Contax-Story I &#8211; Teil 1"},"content":{"rendered":"\n<p>Leitz stellt 1925 auf der Fr\u00fchjahrsmesse in Leipzig ihre \u201eLeica\u201c f\u00fcr den perforierten Kleinbildfilm vor und st\u00f6\u00dft damit die T\u00fcr zur Kleinbildfotografie auf. Oskar Barnack, der kurz f\u00fcr Zeiss, dann bekannterma\u00dfen f\u00fcr Ernst Leitz t\u00e4tig war, wollte mit seinem kleinen Ger\u00e4t urspr\u00fcnglich die richtige Belichtung des Kinofilms zu testen. Das kleinere Filmformat brachte neben der neuen Kompaktheit und Leichtigkeit der Fotografie aber auch neue Anforderungen an Kamera, Optiken und Filmemulsionen mit. Im Gegensatz zum Planfilm der Balgenkameras, von denen in der Regel Kontaktabz\u00fcge erstellt wurden, musste das Kleinbildformat vergr\u00f6\u00dferungsf\u00e4hig sein. Die Aufmerksamkeit der Leica war f\u00fcr alle Beteiligten in der Kameraindustrie fr\u00fcher oder sp\u00e4ter Anlass genug, eigene Kleinbildkameras zu entwickeln. Die gro\u00dfen namhaften Kamerafirmen hatten bereits in Zeiten der Wirtschaftskrise zu einem Megakonzern fusioniert. In dieser fanden unter Carl Zeiss die ICA, Goerz, Contessa-Nettel und Ernemann zur neu gegr\u00fcndeten Zeiss Ikon AG zusammen. Bei der Contax (I), umgangssprachlich auch \u201eLeica-Killer\u201c genannt, ging es der Zeiss Ikon AG nicht lediglich darum eine Kopie der Leica zu konstruieren, sondern um einen fortschrittlichen Gegenentwurf zur Leica. Daher teilt sich die Contax mit der Leica fast nur perforierten 35mm Kleinbildfilm. <\/p>\n\n\n<div class=\"wp-block-image\">\n<figure class=\"aligncenter size-large\"><img loading=\"lazy\" decoding=\"async\" width=\"1024\" height=\"683\" src=\"https:\/\/altglasfieber.de\/altglas\/wp-content\/uploads\/2023\/08\/contax1-16-1024x683.jpg\" alt=\"\" class=\"wp-image-6175\" srcset=\"https:\/\/altglasfieber.de\/altglas\/wp-content\/uploads\/2023\/08\/contax1-16-1024x683.jpg 1024w, https:\/\/altglasfieber.de\/altglas\/wp-content\/uploads\/2023\/08\/contax1-16-300x200.jpg 300w, https:\/\/altglasfieber.de\/altglas\/wp-content\/uploads\/2023\/08\/contax1-16-768x513.jpg 768w, https:\/\/altglasfieber.de\/altglas\/wp-content\/uploads\/2023\/08\/contax1-16.jpg 1500w\" sizes=\"auto, (max-width: 1024px) 100vw, 1024px\" \/><\/figure><\/div>\n\n\n<figure class=\"wp-block-audio aligncenter\"><audio controls src=\"https:\/\/altglasfieber.de\/altglas\/wp-content\/uploads\/2023\/08\/Mozartstrasse-32.m4a\"><\/audio><\/figure>\n\n\n\n<p>Der Name \u201eContax\u201c soll aus einem Preisausschreiben unter den Mitarbeitern stammen. Allerdings stellte auch schon Contessa-Nettel, die Werke von Dr. Nagel Stuttgart die zur Zeiss Ikon AG fusioniert sind, ein Produkt unter derselben Bezeichnung her. Dabei handelt es sich um den Contax Fahrtrichtenanzeiger, einem Vorg\u00e4nger des Blinker. Auf einem schwarzen Metallgeh\u00e4use war ein roter Pfeil angebracht, welcher mittels des dargestellten Hebels am Armaturenbrett gedreht werden konnte.  <\/p>\n\n\n\n<figure class=\"wp-block-gallery has-nested-images columns-default is-cropped wp-block-gallery-1 is-layout-flex wp-block-gallery-is-layout-flex\">\n<figure class=\"wp-block-image size-large\"><img loading=\"lazy\" decoding=\"async\" width=\"1024\" height=\"683\" data-id=\"7882\" src=\"https:\/\/altglasfieber.de\/altglas\/wp-content\/uploads\/2023\/10\/1E3F77C3-82AD-4619-9CF9-2774F2FD4076-1024x683.png\" alt=\"\" class=\"wp-image-7882\" srcset=\"https:\/\/altglasfieber.de\/altglas\/wp-content\/uploads\/2023\/10\/1E3F77C3-82AD-4619-9CF9-2774F2FD4076-1024x683.png 1024w, https:\/\/altglasfieber.de\/altglas\/wp-content\/uploads\/2023\/10\/1E3F77C3-82AD-4619-9CF9-2774F2FD4076-300x200.png 300w, https:\/\/altglasfieber.de\/altglas\/wp-content\/uploads\/2023\/10\/1E3F77C3-82AD-4619-9CF9-2774F2FD4076-768x513.png 768w, https:\/\/altglasfieber.de\/altglas\/wp-content\/uploads\/2023\/10\/1E3F77C3-82AD-4619-9CF9-2774F2FD4076.png 1500w\" sizes=\"auto, (max-width: 1024px) 100vw, 1024px\" \/><figcaption class=\"wp-element-caption\">Bildnutzung mit freundlicher Genehmigung von Anna F.<\/figcaption><\/figure>\n\n\n\n<figure class=\"wp-block-image size-large\"><img loading=\"lazy\" decoding=\"async\" width=\"1024\" height=\"683\" data-id=\"7883\" src=\"https:\/\/altglasfieber.de\/altglas\/wp-content\/uploads\/2023\/10\/C70161B1-7DD6-49FC-BC57-B07F55538374-1024x683.png\" alt=\"\" class=\"wp-image-7883\" srcset=\"https:\/\/altglasfieber.de\/altglas\/wp-content\/uploads\/2023\/10\/C70161B1-7DD6-49FC-BC57-B07F55538374-1024x683.png 1024w, https:\/\/altglasfieber.de\/altglas\/wp-content\/uploads\/2023\/10\/C70161B1-7DD6-49FC-BC57-B07F55538374-300x200.png 300w, https:\/\/altglasfieber.de\/altglas\/wp-content\/uploads\/2023\/10\/C70161B1-7DD6-49FC-BC57-B07F55538374-768x513.png 768w, https:\/\/altglasfieber.de\/altglas\/wp-content\/uploads\/2023\/10\/C70161B1-7DD6-49FC-BC57-B07F55538374.png 1500w\" sizes=\"auto, (max-width: 1024px) 100vw, 1024px\" \/><figcaption class=\"wp-element-caption\">Bildnutzung mit freundlicher Genehmigung von Anna F.<\/figcaption><\/figure>\n<\/figure>\n\n\n\n<p>Die Entwicklung der Contax wird heute ma\u00dfgeblich dem Chefdesigner Heinz K\u00fcppenbender zugeschrieben. Im Life Magazine von 1943 wird aber ein anderer Wissenschaftler als Vater der Contax genannt. Von Dr. Emanuel Goldberg, dem damaligen Generaldirektor der Zeiss Ikon AG und Leiter der Photoabteilung ist hierzu meist kaum oder nur vages zu h\u00f6ren. Goldberg, Wissenschaftler, Chemiker und Ingenieur mit russisch-j\u00fcdischen Wurzeln, hatte weder eine Zukunft in seiner Heimat, noch im nationalsozialistischen Deutschland. Nach der Entf\u00fchrung des Generaldirektors 1933 durch die SA wird er unter massiver Bedrohung zur Niederlegung seiner \u00c4mter gezwungen. Er verhandelt und bereitet seine sichere Ausreise f\u00fcr sich und seine Familie vor. 1937 wird er f\u00fcr immer nach Pal\u00e4stina zu emigrieren und Europa den R\u00fccken kehren. Er gilt heute als ein wegweisender, aber seiner Leistungen vergessener und \u00fcbergangener Wissenschafter, zwischen Mikrodot, Kinamo, Mikrofilm, Graukeil und seiner \u201eWissensmaschine\u201c mit den Grundlagen zur modernen Datenverarbeitung, Informationsverwaltung und damit der ersten Suchmaschine. <\/p>\n\n\n<div class=\"wp-block-image\">\n<figure class=\"aligncenter size-large\"><img loading=\"lazy\" decoding=\"async\" width=\"1024\" height=\"683\" src=\"https:\/\/altglasfieber.de\/altglas\/wp-content\/uploads\/2023\/08\/contax1-2-1024x683.jpg\" alt=\"\" class=\"wp-image-6161\" srcset=\"https:\/\/altglasfieber.de\/altglas\/wp-content\/uploads\/2023\/08\/contax1-2-1024x683.jpg 1024w, https:\/\/altglasfieber.de\/altglas\/wp-content\/uploads\/2023\/08\/contax1-2-300x200.jpg 300w, https:\/\/altglasfieber.de\/altglas\/wp-content\/uploads\/2023\/08\/contax1-2-768x513.jpg 768w, https:\/\/altglasfieber.de\/altglas\/wp-content\/uploads\/2023\/08\/contax1-2.jpg 1500w\" sizes=\"auto, (max-width: 1024px) 100vw, 1024px\" \/><\/figure><\/div>\n\n\n<figure class=\"wp-block-video\"><video controls src=\"https:\/\/altglasfieber.de\/altglas\/wp-content\/uploads\/2023\/08\/Contax1.mp4\"><\/video><figcaption class=\"wp-element-caption\"><strong>Musik von Ronald Kah, Web: https:\/\/ronaldkah.de\/<\/strong><\/figcaption><\/figure>\n\n\n\n<p>Im Nationalsozialismus \u00fcbernimmt Heinz K\u00fcppenbender die Aufgaben von Dr. Emanuel Goldberg und damit auch die Leitung der Fotoabteilung. In der Aktion der Amerikaner \u201eWe take the Brain\u201c kommt er nach Heidenheim, um dann ma\u00dfgeblich den Standort in Oberkochen neu aufzubauen. K\u00fcppenbender wird zum Architekten von \u201eZeiss West\u201c, aber das ist eine weitere deutsch-deutsche Geschichte der Firma Zeiss. Bis zu seinem Tot durch einen Reitunfall lobt und reklamiert er seine eigenen Verdienste bei der Entwicklung der Contax, w\u00e4hrend die Rolle von Dr. Emanuel Goldberg immer weiter \u201everschwindet\u201c. Was man aus den wenigen Quellen herausliest ist, dass das Verh\u00e4ltnis zwischen den beiden M\u00e4nnern wohl \u201eangespannt\u201c war. Der Erfolg der Leica, zu welcher der Megakonzern Zeiss Ikon mit einer eigenen Antwort reagieren musste, d\u00fcrfte jedenfalls auf oberster Managementebene getroffen worden sein. Die Contax war damit sicher kein Alleingang eines einzelnen Mannes, sondern das Ergebnis von einem ganzen Entwicklungsteam.<\/p>\n\n\n<div class=\"wp-block-image\">\n<figure class=\"aligncenter size-large\"><img loading=\"lazy\" decoding=\"async\" width=\"1024\" height=\"683\" src=\"https:\/\/altglasfieber.de\/altglas\/wp-content\/uploads\/2023\/08\/contax1-6-1024x683.jpg\" alt=\"\" class=\"wp-image-6165\" srcset=\"https:\/\/altglasfieber.de\/altglas\/wp-content\/uploads\/2023\/08\/contax1-6-1024x683.jpg 1024w, https:\/\/altglasfieber.de\/altglas\/wp-content\/uploads\/2023\/08\/contax1-6-300x200.jpg 300w, https:\/\/altglasfieber.de\/altglas\/wp-content\/uploads\/2023\/08\/contax1-6-768x513.jpg 768w, https:\/\/altglasfieber.de\/altglas\/wp-content\/uploads\/2023\/08\/contax1-6.jpg 1500w\" sizes=\"auto, (max-width: 1024px) 100vw, 1024px\" \/><\/figure><\/div>\n\n<div class=\"wp-block-image\">\n<figure class=\"aligncenter size-large\"><img loading=\"lazy\" decoding=\"async\" width=\"682\" height=\"1024\" src=\"https:\/\/altglasfieber.de\/altglas\/wp-content\/uploads\/2023\/08\/EDC481F9-A796-4B75-84CF-B586B21A44F6-682x1024.jpeg\" alt=\"\" class=\"wp-image-6395\" srcset=\"https:\/\/altglasfieber.de\/altglas\/wp-content\/uploads\/2023\/08\/EDC481F9-A796-4B75-84CF-B586B21A44F6-682x1024.jpeg 682w, https:\/\/altglasfieber.de\/altglas\/wp-content\/uploads\/2023\/08\/EDC481F9-A796-4B75-84CF-B586B21A44F6-200x300.jpeg 200w, https:\/\/altglasfieber.de\/altglas\/wp-content\/uploads\/2023\/08\/EDC481F9-A796-4B75-84CF-B586B21A44F6-768x1153.jpeg 768w, https:\/\/altglasfieber.de\/altglas\/wp-content\/uploads\/2023\/08\/EDC481F9-A796-4B75-84CF-B586B21A44F6.jpeg 1000w\" sizes=\"auto, (max-width: 682px) 100vw, 682px\" \/><figcaption class=\"wp-element-caption\"><strong>Werbung Photo Technik in Nr. 7 1932<\/strong><\/figcaption><\/figure><\/div>\n\n\n<p>1932 kommt die Zeiss Ikon Contax (I) als Konkurrenz zur Leica auf den Markt. Mit dem Ziel vieles besser und anders zu machen, auch im Hinblick auf patentrechtliche Fragen, kann diese vor allem auch durch die hierf\u00fcr geschaffene Objektivpalette des Mutterkonzerns Carl Zeiss Jena \u00fcberzeugen. Die Objektive dieser Zeit sind noch unverg\u00fctet und entsprechend nicht ganz so kontrastreich und auch empfindlich gegen Streulicht. Eine Sonnenblende und Gelbfilter sind somit bei meinem versenkbaren Tessar 50mm f3.5 eine gute Idee.<\/p>\n\n\n<div class=\"wp-block-image\">\n<figure class=\"aligncenter size-large\"><img loading=\"lazy\" decoding=\"async\" width=\"1024\" height=\"683\" src=\"https:\/\/altglasfieber.de\/altglas\/wp-content\/uploads\/2023\/08\/contax1-7-1024x683.jpg\" alt=\"\" class=\"wp-image-6166\" srcset=\"https:\/\/altglasfieber.de\/altglas\/wp-content\/uploads\/2023\/08\/contax1-7-1024x683.jpg 1024w, https:\/\/altglasfieber.de\/altglas\/wp-content\/uploads\/2023\/08\/contax1-7-300x200.jpg 300w, https:\/\/altglasfieber.de\/altglas\/wp-content\/uploads\/2023\/08\/contax1-7-768x513.jpg 768w, https:\/\/altglasfieber.de\/altglas\/wp-content\/uploads\/2023\/08\/contax1-7.jpg 1500w\" sizes=\"auto, (max-width: 1024px) 100vw, 1024px\" \/><\/figure><\/div>\n\n\n<p>Das robuste Geh\u00e4use ist nicht aus Blech, sondern aus gegossenem Silumin. Dabei handelt es sich um eine Leichtmetalllegierung bestehend aus Aluminium und Silizium. Statt einem vertikalen Tuchverschluss, wird ein horizontal ablaufender Metallverschluss aus geschw\u00e4rztem Metalllamellen verbaut, der heute mehr an einen \u201eRolladen\u201c oder ein \u201eRolltor\u201c erinnert. <\/p>\n\n\n<div class=\"wp-block-image\">\n<figure class=\"aligncenter size-large\"><img loading=\"lazy\" decoding=\"async\" width=\"1024\" height=\"683\" src=\"https:\/\/altglasfieber.de\/altglas\/wp-content\/uploads\/2023\/08\/contax1-13-1024x683.jpg\" alt=\"\" class=\"wp-image-6172\" srcset=\"https:\/\/altglasfieber.de\/altglas\/wp-content\/uploads\/2023\/08\/contax1-13-1024x683.jpg 1024w, https:\/\/altglasfieber.de\/altglas\/wp-content\/uploads\/2023\/08\/contax1-13-300x200.jpg 300w, https:\/\/altglasfieber.de\/altglas\/wp-content\/uploads\/2023\/08\/contax1-13-768x513.jpg 768w, https:\/\/altglasfieber.de\/altglas\/wp-content\/uploads\/2023\/08\/contax1-13.jpg 1500w\" sizes=\"auto, (max-width: 1024px) 100vw, 1024px\" \/><\/figure><\/div>\n\n\n<p>Durch die k\u00fcrzeren Wege k\u00f6nnen Verschlusszeiten von 1\/1000 im Gegensatz zur Leica realisiert werden. Belastungen an den Verschluss, welchem aber vor allem die B\u00e4nder aus echter Seide nicht immer gewachsen ist. Seide, an sich ein Hightechprodukt aus der Natur, aber auch Empfindlich gegen\u00fcber Feuchtigkeit und man darf auch nicht vergessen wie alt diese B\u00e4nder mittlerweile sind. Die B\u00e4nder haben dabei eine bestimmte Webart und sind so d\u00fcnn, dass diese nicht so einfach durch moderne B\u00e4nder zu ersetzen sind. <\/p>\n\n\n<div class=\"wp-block-image\">\n<figure class=\"aligncenter size-large\"><img loading=\"lazy\" decoding=\"async\" width=\"1024\" height=\"683\" src=\"https:\/\/altglasfieber.de\/altglas\/wp-content\/uploads\/2023\/08\/contax1-20-1024x683.jpg\" alt=\"\" class=\"wp-image-6180\" srcset=\"https:\/\/altglasfieber.de\/altglas\/wp-content\/uploads\/2023\/08\/contax1-20-1024x683.jpg 1024w, https:\/\/altglasfieber.de\/altglas\/wp-content\/uploads\/2023\/08\/contax1-20-300x200.jpg 300w, https:\/\/altglasfieber.de\/altglas\/wp-content\/uploads\/2023\/08\/contax1-20-768x513.jpg 768w, https:\/\/altglasfieber.de\/altglas\/wp-content\/uploads\/2023\/08\/contax1-20.jpg 1500w\" sizes=\"auto, (max-width: 1024px) 100vw, 1024px\" \/><\/figure><\/div>\n\n\n<p>Die Kamera ist im Gegensatz zur Leica kein Bodenlader. Durch die abnehmbare R\u00fcckwand kann die Contax damit wesentlich komfortabler geladen werden. <\/p>\n\n\n<div class=\"wp-block-image\">\n<figure class=\"aligncenter size-large\"><img loading=\"lazy\" decoding=\"async\" width=\"1024\" height=\"683\" src=\"https:\/\/altglasfieber.de\/altglas\/wp-content\/uploads\/2023\/08\/contax1-12-1024x683.jpg\" alt=\"\" class=\"wp-image-6171\" srcset=\"https:\/\/altglasfieber.de\/altglas\/wp-content\/uploads\/2023\/08\/contax1-12-1024x683.jpg 1024w, https:\/\/altglasfieber.de\/altglas\/wp-content\/uploads\/2023\/08\/contax1-12-300x200.jpg 300w, https:\/\/altglasfieber.de\/altglas\/wp-content\/uploads\/2023\/08\/contax1-12-768x513.jpg 768w, https:\/\/altglasfieber.de\/altglas\/wp-content\/uploads\/2023\/08\/contax1-12.jpg 1500w\" sizes=\"auto, (max-width: 1024px) 100vw, 1024px\" \/><\/figure><\/div>\n\n\n<p>Statt einem M39 Schraubgewinde wie bei der Schraubleica hat die Contax von Beginn an ein echtes Bajonett, genauer gesagt ein Innen- und Au\u00dfenbajonett.<\/p>\n\n\n<div class=\"wp-block-image\">\n<figure class=\"aligncenter size-large\"><img loading=\"lazy\" decoding=\"async\" width=\"1024\" height=\"683\" src=\"https:\/\/altglasfieber.de\/altglas\/wp-content\/uploads\/2023\/08\/contax1-9-1024x683.jpg\" alt=\"\" class=\"wp-image-6168\" srcset=\"https:\/\/altglasfieber.de\/altglas\/wp-content\/uploads\/2023\/08\/contax1-9-1024x683.jpg 1024w, https:\/\/altglasfieber.de\/altglas\/wp-content\/uploads\/2023\/08\/contax1-9-300x200.jpg 300w, https:\/\/altglasfieber.de\/altglas\/wp-content\/uploads\/2023\/08\/contax1-9-768x513.jpg 768w, https:\/\/altglasfieber.de\/altglas\/wp-content\/uploads\/2023\/08\/contax1-9.jpg 1500w\" sizes=\"auto, (max-width: 1024px) 100vw, 1024px\" \/><\/figure><\/div>\n\n\n<p>Neben Objektiven wird auch weiteres Zubeh\u00f6r, wie die hier gezeigte Teleskopsonnenblende, aufs Au\u00dfenbajonett gesetzt.<\/p>\n\n\n<div class=\"wp-block-image\">\n<figure class=\"aligncenter size-large\"><img loading=\"lazy\" decoding=\"async\" width=\"1024\" height=\"683\" src=\"https:\/\/altglasfieber.de\/altglas\/wp-content\/uploads\/2023\/08\/contax1-18-1024x683.jpg\" alt=\"\" class=\"wp-image-6177\" srcset=\"https:\/\/altglasfieber.de\/altglas\/wp-content\/uploads\/2023\/08\/contax1-18-1024x683.jpg 1024w, https:\/\/altglasfieber.de\/altglas\/wp-content\/uploads\/2023\/08\/contax1-18-300x200.jpg 300w, https:\/\/altglasfieber.de\/altglas\/wp-content\/uploads\/2023\/08\/contax1-18-768x513.jpg 768w, https:\/\/altglasfieber.de\/altglas\/wp-content\/uploads\/2023\/08\/contax1-18.jpg 1500w\" sizes=\"auto, (max-width: 1024px) 100vw, 1024px\" \/><\/figure><\/div>\n\n\n<p>Wie auch die Schraubleicas hat die erste Contax noch einen \u201eZwillingseinblick\u201c. Damit ist der zweigeteilte Sucher gemeint, einmal f\u00fcr den Bildausschnitt und einmal f\u00fcr den gekoppelten Entfernungsmesser. Die Contax II \/ III wird sp\u00e4ter die erste echte Me\u00dfsucherkamera mit einem einzelnen Fenster werden. <\/p>\n\n\n<div class=\"wp-block-image\">\n<figure class=\"aligncenter size-large\"><img loading=\"lazy\" decoding=\"async\" width=\"1024\" height=\"683\" src=\"https:\/\/altglasfieber.de\/altglas\/wp-content\/uploads\/2023\/08\/contax1-3-1024x683.jpg\" alt=\"\" class=\"wp-image-6162\" srcset=\"https:\/\/altglasfieber.de\/altglas\/wp-content\/uploads\/2023\/08\/contax1-3-1024x683.jpg 1024w, https:\/\/altglasfieber.de\/altglas\/wp-content\/uploads\/2023\/08\/contax1-3-300x200.jpg 300w, https:\/\/altglasfieber.de\/altglas\/wp-content\/uploads\/2023\/08\/contax1-3-768x513.jpg 768w, https:\/\/altglasfieber.de\/altglas\/wp-content\/uploads\/2023\/08\/contax1-3.jpg 1500w\" sizes=\"auto, (max-width: 1024px) 100vw, 1024px\" \/><\/figure><\/div>\n\n\n<p>Je nach Brennweite des Objektivs kann eine Suchermaske vor das Sucherfenster geschoben werden oder aus dem breiten Angebot an Aufsteck- und Albada-Sucher gew\u00e4hlt werden.   <\/p>\n\n\n<div class=\"wp-block-image\">\n<figure class=\"aligncenter size-large\"><img loading=\"lazy\" decoding=\"async\" width=\"1024\" height=\"683\" src=\"https:\/\/altglasfieber.de\/altglas\/wp-content\/uploads\/2023\/08\/contax1-21-1024x683.jpg\" alt=\"\" class=\"wp-image-6181\" srcset=\"https:\/\/altglasfieber.de\/altglas\/wp-content\/uploads\/2023\/08\/contax1-21-1024x683.jpg 1024w, https:\/\/altglasfieber.de\/altglas\/wp-content\/uploads\/2023\/08\/contax1-21-300x200.jpg 300w, https:\/\/altglasfieber.de\/altglas\/wp-content\/uploads\/2023\/08\/contax1-21-768x513.jpg 768w, https:\/\/altglasfieber.de\/altglas\/wp-content\/uploads\/2023\/08\/contax1-21.jpg 1500w\" sizes=\"auto, (max-width: 1024px) 100vw, 1024px\" \/><\/figure><\/div>\n\n<div class=\"wp-block-image\">\n<figure class=\"aligncenter size-large\"><img loading=\"lazy\" decoding=\"async\" width=\"1024\" height=\"683\" src=\"https:\/\/altglasfieber.de\/altglas\/wp-content\/uploads\/2023\/08\/contax1-17-1024x683.jpg\" alt=\"\" class=\"wp-image-6176\" srcset=\"https:\/\/altglasfieber.de\/altglas\/wp-content\/uploads\/2023\/08\/contax1-17-1024x683.jpg 1024w, https:\/\/altglasfieber.de\/altglas\/wp-content\/uploads\/2023\/08\/contax1-17-300x200.jpg 300w, https:\/\/altglasfieber.de\/altglas\/wp-content\/uploads\/2023\/08\/contax1-17-768x513.jpg 768w, https:\/\/altglasfieber.de\/altglas\/wp-content\/uploads\/2023\/08\/contax1-17.jpg 1500w\" sizes=\"auto, (max-width: 1024px) 100vw, 1024px\" \/><\/figure><\/div>\n\n\n<p>Die Ergonomie der eckigen Kamera ist heute etwas ungewohnt. Wahlrad f\u00fcr die Verschlusszeiten und Aufzug vom Verschluss befinden sich nicht auf rechten Kameraschulter, sondern auf der Vorderseite. Der Grund liegt einfach darin, das gewisse Standards in der Anordnung der Bedienelemente zu jener Zeit noch nicht festgelegt waren. So befindet sich beispielsweise auch der Ausl\u00f6ser bei mancher Zeiss Ikon Super Ikonta noch auf der \u201efalschen\u201c Seite. <\/p>\n\n\n<div class=\"wp-block-image\">\n<figure class=\"aligncenter size-large\"><img loading=\"lazy\" decoding=\"async\" width=\"1024\" height=\"682\" src=\"https:\/\/altglasfieber.de\/altglas\/wp-content\/uploads\/2023\/08\/IMG_2023-08-31-211158-1024x682.jpg\" alt=\"\" class=\"wp-image-6205\" srcset=\"https:\/\/altglasfieber.de\/altglas\/wp-content\/uploads\/2023\/08\/IMG_2023-08-31-211158-1024x682.jpg 1024w, https:\/\/altglasfieber.de\/altglas\/wp-content\/uploads\/2023\/08\/IMG_2023-08-31-211158-300x200.jpg 300w, https:\/\/altglasfieber.de\/altglas\/wp-content\/uploads\/2023\/08\/IMG_2023-08-31-211158-768x512.jpg 768w, https:\/\/altglasfieber.de\/altglas\/wp-content\/uploads\/2023\/08\/IMG_2023-08-31-211158.jpg 1501w\" sizes=\"auto, (max-width: 1024px) 100vw, 1024px\" \/><\/figure><\/div>\n\n<div class=\"wp-block-image\">\n<figure class=\"aligncenter size-large\"><img loading=\"lazy\" decoding=\"async\" width=\"1024\" height=\"683\" src=\"https:\/\/altglasfieber.de\/altglas\/wp-content\/uploads\/2023\/08\/contax1-1-1024x683.jpg\" alt=\"\" class=\"wp-image-6160\" srcset=\"https:\/\/altglasfieber.de\/altglas\/wp-content\/uploads\/2023\/08\/contax1-1-1024x683.jpg 1024w, https:\/\/altglasfieber.de\/altglas\/wp-content\/uploads\/2023\/08\/contax1-1-300x200.jpg 300w, https:\/\/altglasfieber.de\/altglas\/wp-content\/uploads\/2023\/08\/contax1-1-768x513.jpg 768w, https:\/\/altglasfieber.de\/altglas\/wp-content\/uploads\/2023\/08\/contax1-1.jpg 1500w\" sizes=\"auto, (max-width: 1024px) 100vw, 1024px\" \/><\/figure><\/div>\n\n\n<p>Ebenso etwas gew\u00f6hnungsbed\u00fcrftig ist der sogenannte \u201eContax-Griff\u201c, also die Haltung der Kamera um mit dem Fokusrad zu fokussieren. Die Kamera muss dabei richtig gehalten werden, da ansonsten das Mischbild verschwindet, weil die Finger das entsprechende Fenster vom Entfernungsmesser sonst verdecken. <\/p>\n\n\n<div class=\"wp-block-image\">\n<figure class=\"aligncenter size-large\"><img loading=\"lazy\" decoding=\"async\" width=\"1024\" height=\"683\" src=\"https:\/\/altglasfieber.de\/altglas\/wp-content\/uploads\/2023\/08\/contax1-5-1024x683.jpg\" alt=\"\" class=\"wp-image-6164\" srcset=\"https:\/\/altglasfieber.de\/altglas\/wp-content\/uploads\/2023\/08\/contax1-5-1024x683.jpg 1024w, https:\/\/altglasfieber.de\/altglas\/wp-content\/uploads\/2023\/08\/contax1-5-300x200.jpg 300w, https:\/\/altglasfieber.de\/altglas\/wp-content\/uploads\/2023\/08\/contax1-5-768x513.jpg 768w, https:\/\/altglasfieber.de\/altglas\/wp-content\/uploads\/2023\/08\/contax1-5.jpg 1500w\" sizes=\"auto, (max-width: 1024px) 100vw, 1024px\" \/><\/figure><\/div>\n\n\n<p>Das es sich hier um ein fr\u00fches Modell der Contax I handelt, genauer gesagt die Version 3, fehlt diesem Modell noch der typische Standfu\u00df beim Stativgewinde. <\/p>\n\n\n<div class=\"wp-block-image\">\n<figure class=\"aligncenter size-large\"><img loading=\"lazy\" decoding=\"async\" width=\"1024\" height=\"683\" src=\"https:\/\/altglasfieber.de\/altglas\/wp-content\/uploads\/2023\/08\/contax1-15-1024x683.jpg\" alt=\"\" class=\"wp-image-6174\" srcset=\"https:\/\/altglasfieber.de\/altglas\/wp-content\/uploads\/2023\/08\/contax1-15-1024x683.jpg 1024w, https:\/\/altglasfieber.de\/altglas\/wp-content\/uploads\/2023\/08\/contax1-15-300x200.jpg 300w, https:\/\/altglasfieber.de\/altglas\/wp-content\/uploads\/2023\/08\/contax1-15-768x513.jpg 768w, https:\/\/altglasfieber.de\/altglas\/wp-content\/uploads\/2023\/08\/contax1-15.jpg 1500w\" sizes=\"auto, (max-width: 1024px) 100vw, 1024px\" \/><\/figure><\/div>\n\n\n<p>Die Kamera hat keine fest eingebaute Aufnahmespule. Der Grund liegt darin, dass entsprechende Contax-Kassetten verwendet werden konnten die auch nicht m\u00fchsam h\u00e4ndisch zur\u00fcckgespult werden mussten. Verwendet man doch eine normale Kleinbildpatrone, ben\u00f6tigt man die passende Contax Aufwickelspule. Statt diese teuer zu kaufen, kann nat\u00fcrlich auch eine leere Kleinbildpatrone \u201eentkernt\u201c und angepasst werden.   <\/p>\n\n\n<div class=\"wp-block-image\">\n<figure class=\"aligncenter size-large\"><img loading=\"lazy\" decoding=\"async\" width=\"1024\" height=\"683\" src=\"https:\/\/altglasfieber.de\/altglas\/wp-content\/uploads\/2023\/08\/contax1-19-1024x683.jpg\" alt=\"\" class=\"wp-image-6178\" srcset=\"https:\/\/altglasfieber.de\/altglas\/wp-content\/uploads\/2023\/08\/contax1-19-1024x683.jpg 1024w, https:\/\/altglasfieber.de\/altglas\/wp-content\/uploads\/2023\/08\/contax1-19-300x200.jpg 300w, https:\/\/altglasfieber.de\/altglas\/wp-content\/uploads\/2023\/08\/contax1-19-768x513.jpg 768w, https:\/\/altglasfieber.de\/altglas\/wp-content\/uploads\/2023\/08\/contax1-19.jpg 1500w\" sizes=\"auto, (max-width: 1024px) 100vw, 1024px\" \/><\/figure><\/div>\n\n\n<p>Warum sich die Contax als \u201eLeica-Killer\u201c nicht durchsetzte h\u00e4ngt mit vielen Faktoren zusammen und dem Fortgang der Zeiss-Ikon AG im Nationalsozialismus und deren Teilung in der Nachkriegszeit. Nach dem Neubeginn der westdeutschen Contax IIA und IIIA waren Me\u00dfsucherkameras bald nicht mehr \u201een vogue\u201c und die Konkurrenz aus Fernost verdr\u00e4ngte mehr und mehr die ganze deutsche Kameraindustrie. Ein gro\u00dfes Problem der ersten Contax war, dass diese in der laufenden Produktion st\u00e4ndig verbessert wurde, was sicherlich eher f\u00fcr Verunsicherung statt Vertrauen bei den K\u00e4ufern sorgte. Hans-Juergen Kuc klassifiziert in seinem hervorragendem Buch \u201eAuf den Spuren der Contax &#8211; Contax-Geschichte von 1932 bis 1945\u201c sieben unterschiedliche Versionen der Contax I. <\/p>\n\n\n<div class=\"wp-block-image\">\n<figure class=\"aligncenter size-large\"><img loading=\"lazy\" decoding=\"async\" width=\"1024\" height=\"683\" src=\"https:\/\/altglasfieber.de\/altglas\/wp-content\/uploads\/2023\/08\/contax1-10-1024x683.jpg\" alt=\"\" class=\"wp-image-6169\" srcset=\"https:\/\/altglasfieber.de\/altglas\/wp-content\/uploads\/2023\/08\/contax1-10-1024x683.jpg 1024w, https:\/\/altglasfieber.de\/altglas\/wp-content\/uploads\/2023\/08\/contax1-10-300x200.jpg 300w, https:\/\/altglasfieber.de\/altglas\/wp-content\/uploads\/2023\/08\/contax1-10-768x513.jpg 768w, https:\/\/altglasfieber.de\/altglas\/wp-content\/uploads\/2023\/08\/contax1-10.jpg 1500w\" sizes=\"auto, (max-width: 1024px) 100vw, 1024px\" \/><\/figure><\/div>\n\n\n<p>Die Contax I ist daher legend\u00e4r, wie auch etwas ber\u00fcchtigt. Immerhin handelt es sich um eine komplexe Kamera, die aus etwa 500 Einzelteilen besteht. Es h\u00e4lt sich daher, ob berechtigt oder unberechtigt, der Mythos, dass die Kamera anf\u00e4lliger und kaum zu reparieren sei. Immer wieder im Blick sind die speziell gewobenen seidenen B\u00e4nder, die an der unteren Walze und dem Lamellenverschluss angen\u00e4ht werden. Gerade diese sind heute nach Jahrzehnten und nicht idealer Lagerung den Verschlusszeiten von 1\/1000 nicht mehr gewachsen. Aber auch fr\u00fcher mussten die Kameras immer wieder beim Hersteller repariert werden. Diese Exemplare sind daran zu erkennen, dass diesen ein weiterer Buchstabe in der Seriennummer hinzugef\u00fcgt wurde. Eine Kamera nicht \u201eam seidenen Faden\u201c, aber doch am \u201eseidenen Band\u201c. Da meine Contax I noch wunderbar funktioniert, bin ich nicht sonderlich daran interessiert die B\u00e4nder bald auszutauschen. Werkst\u00e4tten die Contax reparieren gibt es wenige oder gar nicht. Empfehlenswert ist es daher, sich vorsorglich selber mit B\u00e4ndern auszustatten\u2026 Vielen Dank f\u00fcr die seidenen B\u00e4nder nach Konstanz!<\/p>\n\n\n<div class=\"wp-block-image\">\n<figure class=\"aligncenter size-large\"><img loading=\"lazy\" decoding=\"async\" width=\"662\" height=\"1024\" src=\"https:\/\/altglasfieber.de\/altglas\/wp-content\/uploads\/2022\/12\/contax1-24-662x1024.jpg\" alt=\"\" class=\"wp-image-6195\" srcset=\"https:\/\/altglasfieber.de\/altglas\/wp-content\/uploads\/2022\/12\/contax1-24-662x1024.jpg 662w, https:\/\/altglasfieber.de\/altglas\/wp-content\/uploads\/2022\/12\/contax1-24-194x300.jpg 194w, https:\/\/altglasfieber.de\/altglas\/wp-content\/uploads\/2022\/12\/contax1-24-768x1188.jpg 768w, https:\/\/altglasfieber.de\/altglas\/wp-content\/uploads\/2022\/12\/contax1-24.jpg 970w\" sizes=\"auto, (max-width: 662px) 100vw, 662px\" \/><\/figure><\/div>\n\n<div class=\"wp-block-image\">\n<figure class=\"aligncenter size-large\"><img loading=\"lazy\" decoding=\"async\" width=\"659\" height=\"1024\" src=\"https:\/\/altglasfieber.de\/altglas\/wp-content\/uploads\/2022\/12\/contax1-25-659x1024.jpg\" alt=\"\" class=\"wp-image-6196\" srcset=\"https:\/\/altglasfieber.de\/altglas\/wp-content\/uploads\/2022\/12\/contax1-25-659x1024.jpg 659w, https:\/\/altglasfieber.de\/altglas\/wp-content\/uploads\/2022\/12\/contax1-25-193x300.jpg 193w, https:\/\/altglasfieber.de\/altglas\/wp-content\/uploads\/2022\/12\/contax1-25-768x1193.jpg 768w, https:\/\/altglasfieber.de\/altglas\/wp-content\/uploads\/2022\/12\/contax1-25.jpg 966w\" sizes=\"auto, (max-width: 659px) 100vw, 659px\" \/><\/figure><\/div>\n\n<div class=\"wp-block-image\">\n<figure class=\"aligncenter size-large\"><img loading=\"lazy\" decoding=\"async\" width=\"1024\" height=\"678\" src=\"https:\/\/altglasfieber.de\/altglas\/wp-content\/uploads\/2022\/12\/contax1-22-1024x678.jpg\" alt=\"\" class=\"wp-image-6193\" srcset=\"https:\/\/altglasfieber.de\/altglas\/wp-content\/uploads\/2022\/12\/contax1-22-1024x678.jpg 1024w, https:\/\/altglasfieber.de\/altglas\/wp-content\/uploads\/2022\/12\/contax1-22-300x199.jpg 300w, https:\/\/altglasfieber.de\/altglas\/wp-content\/uploads\/2022\/12\/contax1-22-768x508.jpg 768w, https:\/\/altglasfieber.de\/altglas\/wp-content\/uploads\/2022\/12\/contax1-22.jpg 1500w\" sizes=\"auto, (max-width: 1024px) 100vw, 1024px\" \/><\/figure><\/div>\n\n<div class=\"wp-block-image\">\n<figure class=\"aligncenter size-large\"><img loading=\"lazy\" decoding=\"async\" width=\"1024\" height=\"658\" src=\"https:\/\/altglasfieber.de\/altglas\/wp-content\/uploads\/2022\/12\/contax1-23-1024x658.jpg\" alt=\"\" class=\"wp-image-6194\" srcset=\"https:\/\/altglasfieber.de\/altglas\/wp-content\/uploads\/2022\/12\/contax1-23-1024x658.jpg 1024w, https:\/\/altglasfieber.de\/altglas\/wp-content\/uploads\/2022\/12\/contax1-23-300x193.jpg 300w, https:\/\/altglasfieber.de\/altglas\/wp-content\/uploads\/2022\/12\/contax1-23-768x494.jpg 768w, https:\/\/altglasfieber.de\/altglas\/wp-content\/uploads\/2022\/12\/contax1-23.jpg 1500w\" sizes=\"auto, (max-width: 1024px) 100vw, 1024px\" \/><\/figure><\/div>\n\n<div class=\"wp-block-image\">\n<figure class=\"aligncenter size-large\"><img loading=\"lazy\" decoding=\"async\" width=\"1024\" height=\"659\" src=\"https:\/\/altglasfieber.de\/altglas\/wp-content\/uploads\/2023\/08\/contax1-26-1024x659.jpg\" alt=\"\" class=\"wp-image-6201\" srcset=\"https:\/\/altglasfieber.de\/altglas\/wp-content\/uploads\/2023\/08\/contax1-26-1024x659.jpg 1024w, https:\/\/altglasfieber.de\/altglas\/wp-content\/uploads\/2023\/08\/contax1-26-300x193.jpg 300w, https:\/\/altglasfieber.de\/altglas\/wp-content\/uploads\/2023\/08\/contax1-26-768x495.jpg 768w, https:\/\/altglasfieber.de\/altglas\/wp-content\/uploads\/2023\/08\/contax1-26.jpg 1500w\" sizes=\"auto, (max-width: 1024px) 100vw, 1024px\" \/><\/figure><\/div>","protected":false},"excerpt":{"rendered":"<p>Leitz stellt 1925 auf der Fr\u00fchjahrsmesse in Leipzig ihre \u201eLeica\u201c f\u00fcr den perforierten Kleinbildfilm vor &hellip; <a href=\"https:\/\/altglasfieber.de\/altglas\/2023\/08\/31\/contax-story-i-teil-1\/\" class=\"more-link\"><span>Continue reading<span class=\"screen-reader-text\">Contax-Story I &#8211; Teil 1<\/span><\/span><\/a><\/p>\n","protected":false},"author":2,"featured_media":6175,"comment_status":"open","ping_status":"open","sticky":true,"template":"","format":"standard","meta":{"footnotes":""},"categories":[6],"tags":[259,439,406,340,438,437,440,212,201],"class_list":["post-3856","post","type-post","status-publish","format-standard","has-post-thumbnail","hentry","category-altmetall","tag-contax","tag-goldberg","tag-ikon","tag-kiev","tag-kueppenbender","tag-messsucher-2","tag-nerwin","tag-sonnar","tag-zeiss"],"_links":{"self":[{"href":"https:\/\/altglasfieber.de\/altglas\/wp-json\/wp\/v2\/posts\/3856","targetHints":{"allow":["GET"]}}],"collection":[{"href":"https:\/\/altglasfieber.de\/altglas\/wp-json\/wp\/v2\/posts"}],"about":[{"href":"https:\/\/altglasfieber.de\/altglas\/wp-json\/wp\/v2\/types\/post"}],"author":[{"embeddable":true,"href":"https:\/\/altglasfieber.de\/altglas\/wp-json\/wp\/v2\/users\/2"}],"replies":[{"embeddable":true,"href":"https:\/\/altglasfieber.de\/altglas\/wp-json\/wp\/v2\/comments?post=3856"}],"version-history":[{"count":166,"href":"https:\/\/altglasfieber.de\/altglas\/wp-json\/wp\/v2\/posts\/3856\/revisions"}],"predecessor-version":[{"id":10535,"href":"https:\/\/altglasfieber.de\/altglas\/wp-json\/wp\/v2\/posts\/3856\/revisions\/10535"}],"wp:featuredmedia":[{"embeddable":true,"href":"https:\/\/altglasfieber.de\/altglas\/wp-json\/wp\/v2\/media\/6175"}],"wp:attachment":[{"href":"https:\/\/altglasfieber.de\/altglas\/wp-json\/wp\/v2\/media?parent=3856"}],"wp:term":[{"taxonomy":"category","embeddable":true,"href":"https:\/\/altglasfieber.de\/altglas\/wp-json\/wp\/v2\/categories?post=3856"},{"taxonomy":"post_tag","embeddable":true,"href":"https:\/\/altglasfieber.de\/altglas\/wp-json\/wp\/v2\/tags?post=3856"}],"curies":[{"name":"wp","href":"https:\/\/api.w.org\/{rel}","templated":true}]}}