{"id":5264,"date":"2023-05-09T20:29:47","date_gmt":"2023-05-09T18:29:47","guid":{"rendered":"https:\/\/altglasfieber.de\/altglas\/?p=5264"},"modified":"2025-05-22T16:41:31","modified_gmt":"2025-05-22T14:41:31","slug":"dr-emanuel-goldberg","status":"publish","type":"post","link":"https:\/\/altglasfieber.de\/altglas\/2023\/05\/09\/dr-emanuel-goldberg\/","title":{"rendered":"Wer ist Dr. Emanuel Goldberg?"},"content":{"rendered":"\n<p>In seinem Buch \u201eEmanuel Goldberg and his Knowledge Machine: Information, Invention, and Political Forces\u201c versucht Michael Buckland eine L\u00fccke in der Geschichtsschreibung zu schlie\u00dfen. Dabei handelt es sich um die Person von Dr. Emanuel Goldberg. Dieser war international bekannter interdisziplin\u00e4r arbeitender Erfinder, Chemiker, Wissenschaftler, Hochschulprofessor und Lehrer. Dar\u00fcber hinaus war er als Vorstand und Generaldirektor bei der ICA, dann bei der Zeiss Ikon AG und weiteren Unternehmen t\u00e4tig. Gleichzeitig aber auch ein Mann, dessen Geschichte und Errungenschaften aufgrund seiner Herkunft weitgehend verschwand. Goldberg gilt als Pionier in unz\u00e4hligen Bereichen der Fotografie, dem Bewegtbild, dem Fernsehen, dem Mikropunkt, dem Goldbergkeil und vielem mehr. So entwickelte er beispielsweise bereits bei der ICA die Kinamo, eine Filmkamera f\u00fcr den Amateur, deren Werbefilm er selber mit seiner Familie drehte. Mit seiner \u201eStatistischen Maschine\u201c hat er die Erfindung der Suchmaschine und dem Computer vorweggenommen. Aufgrund anderer Interessen wurden seine Entdeckungen durch andere beansprucht oder gerieten in Vergessenheit. So wird heute die Entwicklung der Contax ma\u00dfgeblich dem Chefdesigner Heinz K\u00fcppenbender zugeschrieben oder der Ingenieur Vannevar Bush als Vater der Informationstechnologie gefeiert. <\/p>\n\n\n\n<p><strong>Podcast: Wer ist Emanuel Goldberg?<\/strong><\/p>\n\n\n\n<figure class=\"wp-block-audio aligncenter\"><audio controls src=\"https:\/\/altglasfieber.de\/altglas\/wp-content\/uploads\/2023\/05\/Goldberg-Podcast-aktuell.mp3\"><\/audio><\/figure>\n\n\n<div class=\"wp-block-image\">\n<figure class=\"aligncenter size-large\"><img loading=\"lazy\" decoding=\"async\" width=\"755\" height=\"1024\" src=\"https:\/\/altglasfieber.de\/altglas\/wp-content\/uploads\/2023\/05\/6AB45E8E-19FD-4524-BDA3-F9AAFC3802CF-755x1024.jpeg\" alt=\"\" class=\"wp-image-5484\" srcset=\"https:\/\/altglasfieber.de\/altglas\/wp-content\/uploads\/2023\/05\/6AB45E8E-19FD-4524-BDA3-F9AAFC3802CF-755x1024.jpeg 755w, https:\/\/altglasfieber.de\/altglas\/wp-content\/uploads\/2023\/05\/6AB45E8E-19FD-4524-BDA3-F9AAFC3802CF-221x300.jpeg 221w, https:\/\/altglasfieber.de\/altglas\/wp-content\/uploads\/2023\/05\/6AB45E8E-19FD-4524-BDA3-F9AAFC3802CF-768x1042.jpeg 768w, https:\/\/altglasfieber.de\/altglas\/wp-content\/uploads\/2023\/05\/6AB45E8E-19FD-4524-BDA3-F9AAFC3802CF-1132x1536.jpeg 1132w, https:\/\/altglasfieber.de\/altglas\/wp-content\/uploads\/2023\/05\/6AB45E8E-19FD-4524-BDA3-F9AAFC3802CF-1509x2048.jpeg 1509w, https:\/\/altglasfieber.de\/altglas\/wp-content\/uploads\/2023\/05\/6AB45E8E-19FD-4524-BDA3-F9AAFC3802CF-scaled.jpeg 1887w\" sizes=\"auto, (max-width: 755px) 100vw, 755px\" \/><\/figure><\/div>\n\n\n<p><sup><em><sub><strong>Emanuel Goldberg an seiner Drehbank. Glasnegativ. Nachlass gestiftet von der Familie Gichons an die Museen der Stadt Dresden &#8211; Technische Sammlung CC-Lizenz , nichtkommerzielle Nutzung , keine Bearbeitung<\/strong><\/sub><\/em><\/sup><\/p>\n\n\n\n<p>Emanuel Goldberg beschrieb sich selber als &#8222;a&nbsp;<em>chemist<\/em>&nbsp;by learning, physicist by calling, and a mechanic by birth.&#8220; Goldberg kommt 1881 in Moskau zur Welt. Der technikbegeisterte Mann hat die \u00dcberzeugung, man solle stets ein vielfaches an  Anstrengung in die Erfindung einer Maschine investieren, als selber die entsprechende Aufgabe zu bew\u00e4ltigen. Sein Studienantrag wird trotz Bestnoten abgelehnt, da nur ein j\u00fcdischer Student pro Jahrgang zugelassen wird. Er entscheidet sich daher Chemie zu studieren. Sp\u00e4ter geht er nach Leipzig, da das deutsche Hochschul- und Universit\u00e4tssystem flexibler und durchl\u00e4ssiger ist. Es folgt eine bahnbrechende akademische Karriere und Lehrt\u00e4tigkeit, er beschlie\u00dft aber dann in die Industrie zu gehen. Statt Angeboten von KODAK nach Amerika zu folgen, geht er zur ICA nach Dresden. Dort und bei der neu gegr\u00fcndeten Zeiss-Ikon AG wird er zum Vorstandsmitglied und Generaldirektor. <\/p>\n\n\n<div class=\"wp-block-image\">\n<figure class=\"aligncenter size-large\"><img loading=\"lazy\" decoding=\"async\" width=\"1024\" height=\"683\" src=\"https:\/\/altglasfieber.de\/altglas\/wp-content\/uploads\/2023\/05\/contaxiia-16-1-1024x683.jpg\" alt=\"\" class=\"wp-image-5533\" srcset=\"https:\/\/altglasfieber.de\/altglas\/wp-content\/uploads\/2023\/05\/contaxiia-16-1-1024x683.jpg 1024w, https:\/\/altglasfieber.de\/altglas\/wp-content\/uploads\/2023\/05\/contaxiia-16-1-300x200.jpg 300w, https:\/\/altglasfieber.de\/altglas\/wp-content\/uploads\/2023\/05\/contaxiia-16-1-768x513.jpg 768w, https:\/\/altglasfieber.de\/altglas\/wp-content\/uploads\/2023\/05\/contaxiia-16-1.jpg 1500w\" sizes=\"auto, (max-width: 1024px) 100vw, 1024px\" \/><\/figure><\/div>\n\n\n<p><strong><sup><sub>Kopie aus Sammlerhand aus dem Gesch\u00e4ftsbericht 1928 der Zeiss Ikon A.G. Dresden<\/sub><\/sup><\/strong><\/p>\n\n\n\n<p>F\u00fcr einen Wissenschaftler mit russisch-j\u00fcdischen Wurzeln bietet das Deutschland jener Jahre aber keine Zukunft. 1933 wird Goldberg in einer nicht offiziell angeordneten Aktion der SA mit vorgehaltener Waffe aus den R\u00e4umlichkeiten der Zeiss Ikon AG entf\u00fchrt. Unter berechtigter Todesgefahr muss der Entf\u00fchrte die Niederlegung seiner \u00c4mter und weitere Zugest\u00e4ndnisse verfassen. Auf starken Druck, Interventionen und Verurteilung der Einzelaktion als Amtsanma\u00dfung kommt Goldberg frei. Goldberg soll nach diesem Ereignis die R\u00e4umlichkeiten der Zeiss Ikon AG nicht mehr betreten haben. Er bereitet stattdessen seine sichere Ausreise f\u00fcr sich und seine Familie aus Deutschland vor. <\/p>\n\n\n<div class=\"wp-block-image\">\n<figure class=\"aligncenter size-large\"><img loading=\"lazy\" decoding=\"async\" width=\"1024\" height=\"683\" src=\"https:\/\/altglasfieber.de\/altglas\/wp-content\/uploads\/2023\/05\/goldberg2-1024x683.jpg\" alt=\"\" class=\"wp-image-5535\" srcset=\"https:\/\/altglasfieber.de\/altglas\/wp-content\/uploads\/2023\/05\/goldberg2-1024x683.jpg 1024w, https:\/\/altglasfieber.de\/altglas\/wp-content\/uploads\/2023\/05\/goldberg2-300x200.jpg 300w, https:\/\/altglasfieber.de\/altglas\/wp-content\/uploads\/2023\/05\/goldberg2-768x513.jpg 768w, https:\/\/altglasfieber.de\/altglas\/wp-content\/uploads\/2023\/05\/goldberg2.jpg 1500w\" sizes=\"auto, (max-width: 1024px) 100vw, 1024px\" \/><\/figure><\/div>\n\n\n<p><strong><sub><sup><em>C-Lizenz Stolperstein f\u00fcr Emanuel Goldberg, Oeserstra\u00dfe 5, Dresden. Aufgenommen von Dr. Bernd Gross. 15. M\u00e4rz 2018. Der Urheberrechtsinhaber erlaubt es jedem, dieses Werk&nbsp;f\u00fcr jeglichen Zweck, inklusive uneingeschr\u00e4nkter Weiterver\u00f6ffentlichung, kommerziellem Gebrauch und Modifizierung, zu nutzen.<\/em><\/sup><\/sub><\/strong><\/p>\n\n\n\n<p>In Deutschland folgen Entlassungen an den Universit\u00e4ten und Hochschulen, was eine Emigrationswelle freisetzt. Auch Goldberg verliert seine Lehrlaubnis, wird aber indirekt in einem Anstellungsvertrag bei Zeiss Ikon behalten. Eine kurze Notiz im Bericht des Aufsichtsrates informiert am 10. M\u00e4rz 1934, dass Goldberg den Vorstand des Mutterhauses verlassen hat, um die Leitung der franz\u00f6sischen Tochtergesellschaft Ikonta zu \u00fcbernehmen. <\/p>\n\n\n<div class=\"wp-block-image\">\n<figure class=\"aligncenter size-large\"><img loading=\"lazy\" decoding=\"async\" width=\"1024\" height=\"683\" src=\"https:\/\/altglasfieber.de\/altglas\/wp-content\/uploads\/2023\/05\/goldberg-1024x683.jpg\" alt=\"\" class=\"wp-image-5534\" srcset=\"https:\/\/altglasfieber.de\/altglas\/wp-content\/uploads\/2023\/05\/goldberg-1024x683.jpg 1024w, https:\/\/altglasfieber.de\/altglas\/wp-content\/uploads\/2023\/05\/goldberg-300x200.jpg 300w, https:\/\/altglasfieber.de\/altglas\/wp-content\/uploads\/2023\/05\/goldberg-768x513.jpg 768w, https:\/\/altglasfieber.de\/altglas\/wp-content\/uploads\/2023\/05\/goldberg.jpg 1500w\" sizes=\"auto, (max-width: 1024px) 100vw, 1024px\" \/><\/figure><\/div>\n\n\n<p><strong><sup><sub>Kopie aus Sammlerhand aus dem Gesch\u00e4ftsbericht f\u00fcr die Zeit vom 1. Oktober 1932 bis 30. September 1933 der Zeiss Ikon A.G. Dresden<\/sub><\/sup><\/strong><\/p>\n\n\n\n<p>Dort \u00fcbernimmt er offiziell einen Posten als technischer Direktor. Seine dortige Position ist aber ohne wirkliche Zust\u00e4ndigkeiten, noch Forschung gepr\u00e4gt. Im Gegensatz zu den Zugest\u00e4ndnissen erhalten seine Kinder eine Ausreisegenehmigung um die Familie zusammenzuf\u00fchren. Sein bewegliches Hab und Gut wird nach Frankreich transportiert. Ein Ausscheiden aus der Firma ist aber an strenge Bedingungen gekn\u00fcpft und kommen eher einem lebenslangen Wettbewerbs-, Arbeits- und Forschungsverbot gleich. In Anbetracht eines weiteren aufziehenden Krieges erkennt Goldberg, dass Frankreich nur eine Zwischenstation sein wird und beschlie\u00dft nach Pal\u00e4stina zu emigrieren. Nachdem er bereits zwei Mal in seinem Leben Diskriminierung erleben musste, beschlie\u00dft er nicht nach Amerika, sondern nach Pal\u00e4stina zu gehen. Dabei h\u00e4tte es durchaus Einladungen von seinem alten Freund Mees gegeben in die USA zu KODAK zu kommen. Er emigriert 1937 in ein Land im Aufbau und fernab von Hochtechnologie und Forschung. Dort gr\u00fcndet er ein erfolgreiches Labor f\u00fcr Feinmechanik und bildet junge Menschen aus. W\u00e4hrend und nach dem Krieg herrscht \u00fcberall Materialknappheit. Buckland beschreibt, wie Scheiben von Panzern zum Rohmaterial f\u00fcr Linsen wurden oder ein abgest\u00fcrztes Flugzeug als Rohstoffquelle f\u00fcr Aluminium diente. Die Welt ist aber im Umbruch und die Elektronik dominiert immer mehr gegen\u00fcber mechanischen und chemischen L\u00f6sungen. <\/p>\n\n\n<div class=\"wp-block-image\">\n<figure class=\"aligncenter size-large\"><img loading=\"lazy\" decoding=\"async\" width=\"1024\" height=\"739\" src=\"https:\/\/altglasfieber.de\/altglas\/wp-content\/uploads\/2023\/05\/203119_download-1024x739.jpg\" alt=\"\" class=\"wp-image-5492\" srcset=\"https:\/\/altglasfieber.de\/altglas\/wp-content\/uploads\/2023\/05\/203119_download-1024x739.jpg 1024w, https:\/\/altglasfieber.de\/altglas\/wp-content\/uploads\/2023\/05\/203119_download-300x216.jpg 300w, https:\/\/altglasfieber.de\/altglas\/wp-content\/uploads\/2023\/05\/203119_download-768x554.jpg 768w, https:\/\/altglasfieber.de\/altglas\/wp-content\/uploads\/2023\/05\/203119_download-1536x1108.jpg 1536w, https:\/\/altglasfieber.de\/altglas\/wp-content\/uploads\/2023\/05\/203119_download-2048x1478.jpg 2048w\" sizes=\"auto, (max-width: 1024px) 100vw, 1024px\" \/><\/figure><\/div>\n\n\n<p><sup><sub><strong>Drehbank ehem. Besitzer:&nbsp;Emanuel Goldberg&nbsp;(31.8.1881 Moskau &#8211; 13.9.1970 Tel Aviv)<a rel=\"noreferrer noopener\" href=\"https:\/\/sammlungsdatenbank-museen-dresden.de\/de\/entitySearch?artId=49345\" target=\"_blank\"><\/a>,&nbsp;Hersteller:&nbsp;Lorch, Schmidt &amp; Co. Frankfurt <a rel=\"noreferrer noopener\" href=\"https:\/\/sammlungsdatenbank-museen-dresden.de\/de\/entitySearch?artId=74755\" target=\"_blank\"><\/a>Drehbank 1913<\/strong><\/sub>. <em><sub><strong>Nachlass gestiftet von der Familie Cichons an die Museen der Stadt Dresden &#8211; Technische Sammlung CC-Lizenz , nichtkommerzielle Nutzung , keine Bearbeitung<\/strong><\/sub><\/em><\/sup><\/p>\n\n\n\n<p>Als Lehrender an der K\u00f6niglichen Akademie f\u00fcr graphische K\u00fcnste und Buchgewerbe hat Goldberg eine Drechselbank von Lorch, Schmidt &amp; Co angeschafft. Nach seinem Wechsel in die Industrie, hat er diese privat erworben. Diese reiste von Dresden \u00fcber Paris, bis ins Exil nach Tel Aviv und kehrte wieder in die Technische Sammlung der Museen nach Dresden zur\u00fcck. Goldberg hat mit seiner Statistischen Maschine nicht nur die Idee einer mikrofilmbasierten Bibliothek der Zukunft entworfen. In Zeiten von Digitalisierung eigentlich nicht vorstellbar, ist das chemisch basierte Medium Film und besonders Mikrofilm f\u00fcr Archivare interessant. Dieses erm\u00f6glicht eine zuverl\u00e4ssige wartungsfreien Langzeitarchivierung \u00fcber mehrere Jahrhunderte und so k\u00f6nnte die Vision einer mikrofilmbasierten Bibliothek in Kombination von Elektronik, vielleicht doch noch eine Umsetzung erfahren.  <\/p>\n\n\n<div class=\"wp-block-image\">\n<figure class=\"aligncenter size-large\"><img loading=\"lazy\" decoding=\"async\" width=\"1024\" height=\"771\" src=\"https:\/\/altglasfieber.de\/altglas\/wp-content\/uploads\/2023\/05\/goldberg1-1024x771.png\" alt=\"\" class=\"wp-image-5498\" srcset=\"https:\/\/altglasfieber.de\/altglas\/wp-content\/uploads\/2023\/05\/goldberg1-1024x771.png 1024w, https:\/\/altglasfieber.de\/altglas\/wp-content\/uploads\/2023\/05\/goldberg1-300x226.png 300w, https:\/\/altglasfieber.de\/altglas\/wp-content\/uploads\/2023\/05\/goldberg1-768x578.png 768w, https:\/\/altglasfieber.de\/altglas\/wp-content\/uploads\/2023\/05\/goldberg1.png 1232w\" sizes=\"auto, (max-width: 1024px) 100vw, 1024px\" \/><\/figure><\/div>\n\n<div class=\"wp-block-image\">\n<figure class=\"aligncenter size-large\"><img loading=\"lazy\" decoding=\"async\" width=\"1024\" height=\"771\" src=\"https:\/\/altglasfieber.de\/altglas\/wp-content\/uploads\/2023\/05\/rainerleyk_Photography_microfilm_on_a_glass_desk_94a21607-76fb-49c4-ba70-ee4e5fc5c59d-1024x771.png\" alt=\"\" class=\"wp-image-5601\" srcset=\"https:\/\/altglasfieber.de\/altglas\/wp-content\/uploads\/2023\/05\/rainerleyk_Photography_microfilm_on_a_glass_desk_94a21607-76fb-49c4-ba70-ee4e5fc5c59d-1024x771.png 1024w, https:\/\/altglasfieber.de\/altglas\/wp-content\/uploads\/2023\/05\/rainerleyk_Photography_microfilm_on_a_glass_desk_94a21607-76fb-49c4-ba70-ee4e5fc5c59d-300x226.png 300w, https:\/\/altglasfieber.de\/altglas\/wp-content\/uploads\/2023\/05\/rainerleyk_Photography_microfilm_on_a_glass_desk_94a21607-76fb-49c4-ba70-ee4e5fc5c59d-768x578.png 768w, https:\/\/altglasfieber.de\/altglas\/wp-content\/uploads\/2023\/05\/rainerleyk_Photography_microfilm_on_a_glass_desk_94a21607-76fb-49c4-ba70-ee4e5fc5c59d.png 1232w\" sizes=\"auto, (max-width: 1024px) 100vw, 1024px\" \/><\/figure><\/div>\n\n\n<p>So befindet sich im Barbarastollen des ehemaligen Bergwerks Schauinsland in der N\u00e4he von Freiburg im Breisgau ein mikrofilmbasiertes Langzeitarchiv. Hier gezeigt das Besucherbergwerk. <\/p>\n\n\n\n<figure class=\"wp-block-image size-large\"><img loading=\"lazy\" decoding=\"async\" width=\"1024\" height=\"682\" src=\"https:\/\/altglasfieber.de\/altglas\/wp-content\/uploads\/2023\/06\/01B40551-2BE0-4CD0-9589-E4F79F6F5DCB-1024x682.jpeg\" alt=\"\" class=\"wp-image-5723\" srcset=\"https:\/\/altglasfieber.de\/altglas\/wp-content\/uploads\/2023\/06\/01B40551-2BE0-4CD0-9589-E4F79F6F5DCB-1024x682.jpeg 1024w, https:\/\/altglasfieber.de\/altglas\/wp-content\/uploads\/2023\/06\/01B40551-2BE0-4CD0-9589-E4F79F6F5DCB-300x200.jpeg 300w, https:\/\/altglasfieber.de\/altglas\/wp-content\/uploads\/2023\/06\/01B40551-2BE0-4CD0-9589-E4F79F6F5DCB-768x512.jpeg 768w, https:\/\/altglasfieber.de\/altglas\/wp-content\/uploads\/2023\/06\/01B40551-2BE0-4CD0-9589-E4F79F6F5DCB.jpeg 1501w\" sizes=\"auto, (max-width: 1024px) 100vw, 1024px\" \/><\/figure>\n\n\n\n<p>Der Nachlass von Emanuel Goldberg wurde von dessen Familie gestiftet und befindet sich nun im Sammlungsbestand der Technischen Sammlung der Museen der Stadt Dresden, welche 2017 in einer Sonderausstellung gezeigt wurde. Michael Buckland hat die Geschichte von Emanuel Goldberg zusammengetragen. Der Dokumentarfilmer und Journalist Leif Allendorf hat die Geschichte im Film &#8222;Die Goldberg-Papiere&#8220; festgehalten. Letztlich kommt man zu dem Schluss, dass dieser Teil in der Geschichte von Zeiss (Ikon) bis heute noch nicht richtig beleuchtet wurde. Ich empfehle daher das Buch von Buckland, sowie den Dokumentarfilm von Leif Allendorf, um sich ein eigenes Bild \u00fcber die Rolle von Dr. Emanuel Goldberg und dessen Wirken zu machen, aus den Geschehnissen einer Zeit, die Helge Pross  als die &#8222;Geistige Enthauptung Deutschlands&#8220; bezeichnete.  <\/p>\n\n\n<div class=\"wp-block-image\">\n<figure class=\"aligncenter size-large\"><img loading=\"lazy\" decoding=\"async\" width=\"683\" height=\"1024\" src=\"https:\/\/altglasfieber.de\/altglas\/wp-content\/uploads\/2023\/05\/goldberg3-683x1024.jpg\" alt=\"\" class=\"wp-image-5536\" srcset=\"https:\/\/altglasfieber.de\/altglas\/wp-content\/uploads\/2023\/05\/goldberg3-683x1024.jpg 683w, https:\/\/altglasfieber.de\/altglas\/wp-content\/uploads\/2023\/05\/goldberg3-200x300.jpg 200w, https:\/\/altglasfieber.de\/altglas\/wp-content\/uploads\/2023\/05\/goldberg3-768x1151.jpg 768w, https:\/\/altglasfieber.de\/altglas\/wp-content\/uploads\/2023\/05\/goldberg3.jpg 1001w\" sizes=\"auto, (max-width: 683px) 100vw, 683px\" \/><\/figure><\/div>\n\n\n<p>Die Robert-Luther-Stiftung Forum schreibt seit 2010 j\u00e4hrlich den Emanuel-Goldberg-Preis f\u00fcr herausragende Dissertationen der TU Dresden auf den Gebieten Optoelektronik und Photonik aus. Im heutigen Komplex der Technischen Sammlung Dresden wurde ein Saal nach Emanuel Goldberg benannt. <\/p>\n\n\n\n<p>Am Sonntag, dem 18. Mai 2025, wurde die Kreuzung Altenberger Stra\u00dfe \/ Schandauer Stra\u00dfe \/ B\u00e4rensteiner Stra\u00dfe in Emanuel-Goldberg-Platz umbenannt. Mit dieser Namensgebung ehrte die Landeshauptstadt Dresden einen herausragenden Forscher, Unternehmer und Pionier der modernen Bildtechnik. Emanuel Goldbergs bedeutendes Lebenswerk war lange Zeit in Vergessenheit geraten \u2013 durch diese W\u00fcrdigung r\u00fcckte es wieder in das \u00f6ffentliche Bewusstsein.<br><\/p>\n","protected":false},"excerpt":{"rendered":"<p>In seinem Buch \u201eEmanuel Goldberg and his Knowledge Machine: Information, Invention, and Political Forces\u201c versucht &hellip; <a href=\"https:\/\/altglasfieber.de\/altglas\/2023\/05\/09\/dr-emanuel-goldberg\/\" class=\"more-link\"><span>Continue reading<span class=\"screen-reader-text\">Wer ist Dr. Emanuel Goldberg?<\/span><\/span><\/a><\/p>\n","protected":false},"author":2,"featured_media":5484,"comment_status":"open","ping_status":"open","sticky":true,"template":"","format":"standard","meta":{"footnotes":""},"categories":[1],"tags":[558,259,557,552,406,556,560,559,554,555,201,553],"class_list":["post-5264","post","type-post","status-publish","format-standard","has-post-thumbnail","hentry","category-allgemein","tag-buckland","tag-contax","tag-dr-emanuel-goldberg","tag-emanuel-goldberg","tag-ikon","tag-kimano","tag-knowledge-machine","tag-michael-buckland","tag-statistische-maschine","tag-suchmaschine","tag-zeiss","tag-zeiss-ikon"],"_links":{"self":[{"href":"https:\/\/altglasfieber.de\/altglas\/wp-json\/wp\/v2\/posts\/5264","targetHints":{"allow":["GET"]}}],"collection":[{"href":"https:\/\/altglasfieber.de\/altglas\/wp-json\/wp\/v2\/posts"}],"about":[{"href":"https:\/\/altglasfieber.de\/altglas\/wp-json\/wp\/v2\/types\/post"}],"author":[{"embeddable":true,"href":"https:\/\/altglasfieber.de\/altglas\/wp-json\/wp\/v2\/users\/2"}],"replies":[{"embeddable":true,"href":"https:\/\/altglasfieber.de\/altglas\/wp-json\/wp\/v2\/comments?post=5264"}],"version-history":[{"count":97,"href":"https:\/\/altglasfieber.de\/altglas\/wp-json\/wp\/v2\/posts\/5264\/revisions"}],"predecessor-version":[{"id":12067,"href":"https:\/\/altglasfieber.de\/altglas\/wp-json\/wp\/v2\/posts\/5264\/revisions\/12067"}],"wp:featuredmedia":[{"embeddable":true,"href":"https:\/\/altglasfieber.de\/altglas\/wp-json\/wp\/v2\/media\/5484"}],"wp:attachment":[{"href":"https:\/\/altglasfieber.de\/altglas\/wp-json\/wp\/v2\/media?parent=5264"}],"wp:term":[{"taxonomy":"category","embeddable":true,"href":"https:\/\/altglasfieber.de\/altglas\/wp-json\/wp\/v2\/categories?post=5264"},{"taxonomy":"post_tag","embeddable":true,"href":"https:\/\/altglasfieber.de\/altglas\/wp-json\/wp\/v2\/tags?post=5264"}],"curies":[{"name":"wp","href":"https:\/\/api.w.org\/{rel}","templated":true}]}}