{"id":5843,"date":"2023-08-09T22:11:16","date_gmt":"2023-08-09T20:11:16","guid":{"rendered":"https:\/\/altglasfieber.de\/altglas\/?p=5843"},"modified":"2023-08-11T12:24:53","modified_gmt":"2023-08-11T10:24:53","slug":"contax-story-ii-iii-teil-2","status":"publish","type":"post","link":"https:\/\/altglasfieber.de\/altglas\/2023\/08\/09\/contax-story-ii-iii-teil-2\/","title":{"rendered":"Contax-Story II \/ III &#8211; Teil 2"},"content":{"rendered":"\n<p>Es gibt wenige ikonische Kameras mit so vielen technischen und geschichtlichen Facetten wie die Contax. Deutschland in den 1930er Jahren. Erfinder, Ingenieur und Generaldirektor Dr. Emanuel Goldberg scheidet unfreiwillig und unter der Bedrohung von Leib und Leben aus der Zeiss-Ikon AG aus. Er rettet sich und seine Familie \u00fcber den Umweg von Paris nach Pal\u00e4stina. An dessen Stelle avanciert Dr. Heinz K\u00fcppenbender, der die Contax auch in der Nachkriegszeit als sein Lebenswerk reklamiert, zum neuen Vorstandsmitglied des Megakonzerns. Dessen Position nimmt wiederum Hubert Nerwin ein, unter anderem mit der besonderen Aufgabe die Contax I weiter zu verbessern. Das Projekt \u201eContax\u201c war sicherlich nie eine \u201eOne-Man-Show\u201c, da darin ein ganzes Team an Ingenieuren und Spezialisten involviert war und das Projekt innerhalb der Produktpalette der Zeiss-Ikon AG eine hohe Priorit\u00e4t hatte. Die Ambitionen sind hoch, denn die Contax soll zum \u201eLeica-Killer\u201c werden und punktet neben vielen Details auch mit einer hochwertigsten Objektivpalette aus dem Hause Zeiss Jena. Ab 1935 erscheint die wenig sp\u00e4ter auf der Leipziger Fr\u00fchjahrsmesse 1936 vorgestellte und verbesserte Contax II und die Contax III auf dem Kameramarkt. Im Gegensatz zur Contax I, welche innerhalb der laufenden Produktion siebenmal nachgebessert und ver\u00e4ndert wird, bleibt die Contax II und III, bis auf kleinere Details konstant und unver\u00e4ndert. Die Modelle II und III unterscheiden sich letztlich nur darin, dass in der III ein ungekuppelter Selen-Belichtungsmesser fest verbaut wird. Damals nebenbei bemerkt eine absolute Neuheit und auch ein Verkaufsargument im Zuge der neuen Farbfotografie. Es lohnt sich diesem Zusammenhang auch mal die Super Ikonta 533\/16 mit Belichtungsmesser und 532\/16 ohne Belichtungsmesser anzuschauen.<\/p>\n\n\n\n<figure class=\"wp-block-image size-large\"><img loading=\"lazy\" decoding=\"async\" width=\"1024\" height=\"683\" src=\"https:\/\/altglasfieber.de\/altglas\/wp-content\/uploads\/2023\/08\/contaxii-1-1024x683.jpg\" alt=\"\" class=\"wp-image-5849\" srcset=\"https:\/\/altglasfieber.de\/altglas\/wp-content\/uploads\/2023\/08\/contaxii-1-1024x683.jpg 1024w, https:\/\/altglasfieber.de\/altglas\/wp-content\/uploads\/2023\/08\/contaxii-1-300x200.jpg 300w, https:\/\/altglasfieber.de\/altglas\/wp-content\/uploads\/2023\/08\/contaxii-1-768x513.jpg 768w, https:\/\/altglasfieber.de\/altglas\/wp-content\/uploads\/2023\/08\/contaxii-1.jpg 1500w\" sizes=\"auto, (max-width: 1024px) 100vw, 1024px\" \/><\/figure>\n\n\n<div class=\"wp-block-image\">\n<figure class=\"aligncenter size-large\"><img loading=\"lazy\" decoding=\"async\" width=\"1024\" height=\"683\" src=\"https:\/\/altglasfieber.de\/altglas\/wp-content\/uploads\/2023\/08\/contaxii-6-1024x683.jpg\" alt=\"\" class=\"wp-image-5854\" srcset=\"https:\/\/altglasfieber.de\/altglas\/wp-content\/uploads\/2023\/08\/contaxii-6-1024x683.jpg 1024w, https:\/\/altglasfieber.de\/altglas\/wp-content\/uploads\/2023\/08\/contaxii-6-300x200.jpg 300w, https:\/\/altglasfieber.de\/altglas\/wp-content\/uploads\/2023\/08\/contaxii-6-768x513.jpg 768w, https:\/\/altglasfieber.de\/altglas\/wp-content\/uploads\/2023\/08\/contaxii-6.jpg 1500w\" sizes=\"auto, (max-width: 1024px) 100vw, 1024px\" \/><\/figure><\/div>\n\n\n<p>Aufgrund der ansonsten gleichen Bauweise, konnte eine Contax II ein Update zu einer Contax III erhalten. Das f\u00fchrt heute teils zur entsprechenden Irritation, wenn der Abgleich der Seriennummer einer III, dann jener einer II entspricht. Die Schutzklappe vom Belichtungsmesser sch\u00fctzt diesen einerseits bei Nichtbenutzung und schirmt diesen gleichzeitig bei der Benutzung effektiv vor Lichteinstrahlung von oben ab. Aufgrund des Alters sind viele Selen-Belichtungsmesser leider nicht untypisch am Ende ihrer Lebenszeit angekommen oder liefern teils keine genauen oder brauchbaren Werte mehr. Das betrifft aber allgemein Kameras mit Selenzellen. Allerdings ist dies ein Grund, weshalb die eigentlich damals g\u00fcnstigere und schlankere Contax II heute, jedenfalls f\u00fcr die Praxis, begehrter ist. <\/p>\n\n\n<div class=\"wp-block-image\">\n<figure class=\"aligncenter size-large\"><img loading=\"lazy\" decoding=\"async\" width=\"1024\" height=\"683\" src=\"https:\/\/altglasfieber.de\/altglas\/wp-content\/uploads\/2023\/08\/contaxii-5-1024x683.jpg\" alt=\"\" class=\"wp-image-5853\" srcset=\"https:\/\/altglasfieber.de\/altglas\/wp-content\/uploads\/2023\/08\/contaxii-5-1024x683.jpg 1024w, https:\/\/altglasfieber.de\/altglas\/wp-content\/uploads\/2023\/08\/contaxii-5-300x200.jpg 300w, https:\/\/altglasfieber.de\/altglas\/wp-content\/uploads\/2023\/08\/contaxii-5-768x513.jpg 768w, https:\/\/altglasfieber.de\/altglas\/wp-content\/uploads\/2023\/08\/contaxii-5.jpg 1500w\" sizes=\"auto, (max-width: 1024px) 100vw, 1024px\" \/><\/figure><\/div>\n\n\n<p>Die Unterscheidung in \u201emit\u201c oder \u201eohne\u201c Belichtungsmesser wird sich die Kamerareihe auch in der Nachkriegszeit zwischen der IIA und IIIA oder auch bei seinem sowjetischen Nachbau der Kiev beibehalten Im Gegensatz zur schwarzen Contax I aus dem Nickelepoche hatte nun das Zeitalter der verchromten Kameras begonnen. Die neue Contax und Spitzenmodell der Zeiss-Ikon AG im Bereich der Kleinbildfotografie zeigt sich entsprechend verchromt modern und zeitgen\u00f6ssisch. Fehlten bei der Contax I noch heute g\u00fcltige Standards in der Anordnung von Bedienelementen, zeigt sich die Contax II \/ III in der Bedienung wesentlich moderner. Der Filmtransport und Aufzug ist von Vorne auf die rechte Kameraschulter gewandert. Auch der Messsucher wurde verbessert, denn die Kamera besitzt nun einen Schwenkkeil-Entfernungsmesser. Wichtiges Novum ist, dass der Sucher nun nicht mehr in zwei Fenster geteilt, sondern in ein einziges Me\u00df-Sucher-Fenster kombiniert ist. Die schnellste Verschlusszeit des alternativen und eigenwilligen Verschlusskonzeptes betr\u00e4gt nun beachtliche 1\/1250stel. Der rolladenartige Metalllamellenverschluss ist mit seinen B\u00e4ndern aus echter Seide ber\u00fcchtigt. Das Naturprodukt Seide hat dabei allerdings erstaunliche Eigenschaften. Die Suche nach Reparaturwerkst\u00e4tten, welche eine CLA, Reparatur durchf\u00fchren und auch \u00fcber Ersatzteile verf\u00fcgen, ist nicht gerade einfach. Einerseits sehr von der Kamera \u00fcberzeugt, scheue ich mich daher andererseits etwas diese Kamera jedermann f\u00fcr die Praxis zu empfehlen. Immerhin handelt es sich bei der Contax um eine sehr komplexe Kamera, die aus etwa 650 Einzelteilen besteht und man vergisst zu h\u00e4ufig das Alter der recht modern wirkenden Kamera.<\/p>\n\n\n<div class=\"wp-block-image\">\n<figure class=\"aligncenter size-large\"><img loading=\"lazy\" decoding=\"async\" width=\"1024\" height=\"683\" src=\"https:\/\/altglasfieber.de\/altglas\/wp-content\/uploads\/2023\/08\/contaxii-9-1024x683.jpg\" alt=\"\" class=\"wp-image-5857\" srcset=\"https:\/\/altglasfieber.de\/altglas\/wp-content\/uploads\/2023\/08\/contaxii-9-1024x683.jpg 1024w, https:\/\/altglasfieber.de\/altglas\/wp-content\/uploads\/2023\/08\/contaxii-9-300x200.jpg 300w, https:\/\/altglasfieber.de\/altglas\/wp-content\/uploads\/2023\/08\/contaxii-9-768x513.jpg 768w, https:\/\/altglasfieber.de\/altglas\/wp-content\/uploads\/2023\/08\/contaxii-9.jpg 1500w\" sizes=\"auto, (max-width: 1024px) 100vw, 1024px\" \/><\/figure><\/div>\n\n\n<p>Haymo Bachmaier, analoger Streetfotograf aus Salzburg, war beim erstellen von diesem Artikel gerade bei der Reparatur seiner Contax III und hat mir die beiden Fotos vom Innenleben seiner Kamera zur Verf\u00fcgung gestellt. Mit herzlichen Dank nach Salzburg an www.haymobachmaier.com<\/p>\n\n\n<div class=\"wp-block-image\">\n<figure class=\"aligncenter size-large\"><img loading=\"lazy\" decoding=\"async\" width=\"1024\" height=\"682\" src=\"https:\/\/altglasfieber.de\/altglas\/wp-content\/uploads\/2023\/08\/64137F04-AED3-489B-92D4-A2B54CBB1E39-1024x682.jpeg\" alt=\"\" class=\"wp-image-5989\" srcset=\"https:\/\/altglasfieber.de\/altglas\/wp-content\/uploads\/2023\/08\/64137F04-AED3-489B-92D4-A2B54CBB1E39-1024x682.jpeg 1024w, https:\/\/altglasfieber.de\/altglas\/wp-content\/uploads\/2023\/08\/64137F04-AED3-489B-92D4-A2B54CBB1E39-300x200.jpeg 300w, https:\/\/altglasfieber.de\/altglas\/wp-content\/uploads\/2023\/08\/64137F04-AED3-489B-92D4-A2B54CBB1E39-768x512.jpeg 768w, https:\/\/altglasfieber.de\/altglas\/wp-content\/uploads\/2023\/08\/64137F04-AED3-489B-92D4-A2B54CBB1E39.jpeg 1501w\" sizes=\"auto, (max-width: 1024px) 100vw, 1024px\" \/><\/figure><\/div>\n\n<div class=\"wp-block-image\">\n<figure class=\"aligncenter size-large\"><img loading=\"lazy\" decoding=\"async\" width=\"1024\" height=\"682\" src=\"https:\/\/altglasfieber.de\/altglas\/wp-content\/uploads\/2023\/08\/7E4BC95E-C479-4056-9FF6-31E8CC7E182B-1024x682.png\" alt=\"\" class=\"wp-image-5988\" srcset=\"https:\/\/altglasfieber.de\/altglas\/wp-content\/uploads\/2023\/08\/7E4BC95E-C479-4056-9FF6-31E8CC7E182B-1024x682.png 1024w, https:\/\/altglasfieber.de\/altglas\/wp-content\/uploads\/2023\/08\/7E4BC95E-C479-4056-9FF6-31E8CC7E182B-300x200.png 300w, https:\/\/altglasfieber.de\/altglas\/wp-content\/uploads\/2023\/08\/7E4BC95E-C479-4056-9FF6-31E8CC7E182B-768x512.png 768w, https:\/\/altglasfieber.de\/altglas\/wp-content\/uploads\/2023\/08\/7E4BC95E-C479-4056-9FF6-31E8CC7E182B.png 1501w\" sizes=\"auto, (max-width: 1024px) 100vw, 1024px\" \/><\/figure><\/div>\n\n\n<p>Schnelle Verschlusszeiten und hochwertige Objektive sind in Zeiten der gro\u00dfen Sportveranstaltungen im nationsalsozialisitischen Deutschland gefragt. Im Jahre 1936 finden die Olympischen Sommer- und Winterspiele statt und AGFA pr\u00e4sentiert seinen neuen Farbfilm. Dabei gilt es nicht nur sportliche Ereignisse abzulichten, sondern auch um Fotografie im Zeichen der Propaganda und der damit angestrebten Demonstration der \u00dcberlegenheit von Deutschland in vielen Bereichen. <\/p>\n\n\n<div class=\"wp-block-image\">\n<figure class=\"aligncenter size-large\"><img loading=\"lazy\" decoding=\"async\" width=\"1024\" height=\"683\" src=\"https:\/\/altglasfieber.de\/altglas\/wp-content\/uploads\/2023\/08\/contaxii-7-1024x683.jpg\" alt=\"\" class=\"wp-image-5855\" srcset=\"https:\/\/altglasfieber.de\/altglas\/wp-content\/uploads\/2023\/08\/contaxii-7-1024x683.jpg 1024w, https:\/\/altglasfieber.de\/altglas\/wp-content\/uploads\/2023\/08\/contaxii-7-300x200.jpg 300w, https:\/\/altglasfieber.de\/altglas\/wp-content\/uploads\/2023\/08\/contaxii-7-768x513.jpg 768w, https:\/\/altglasfieber.de\/altglas\/wp-content\/uploads\/2023\/08\/contaxii-7.jpg 1500w\" sizes=\"auto, (max-width: 1024px) 100vw, 1024px\" \/><\/figure><\/div>\n\n\n<p>Hier eine kleine Seltenheit in Form einer Contax II mit alter Zeitenreihe und anderer R\u00e4ndelung. Damit handelt es sich um eine sehr fr\u00fche Contax, von welcher nur etwa 1000 Exemplare hergestellt worden sind.<\/p>\n\n\n<div class=\"wp-block-image\">\n<figure class=\"aligncenter size-large\"><img loading=\"lazy\" decoding=\"async\" width=\"1024\" height=\"683\" src=\"https:\/\/altglasfieber.de\/altglas\/wp-content\/uploads\/2023\/08\/contaxii-10-1024x683.jpg\" alt=\"\" class=\"wp-image-5858\" srcset=\"https:\/\/altglasfieber.de\/altglas\/wp-content\/uploads\/2023\/08\/contaxii-10-1024x683.jpg 1024w, https:\/\/altglasfieber.de\/altglas\/wp-content\/uploads\/2023\/08\/contaxii-10-300x200.jpg 300w, https:\/\/altglasfieber.de\/altglas\/wp-content\/uploads\/2023\/08\/contaxii-10-768x513.jpg 768w, https:\/\/altglasfieber.de\/altglas\/wp-content\/uploads\/2023\/08\/contaxii-10.jpg 1500w\" sizes=\"auto, (max-width: 1024px) 100vw, 1024px\" \/><\/figure><\/div>\n\n\n<p>Die Contax II \/ III ist ebenso wie die Leica keine Kamera des Volkes um die Kleinbildfotografie einer breiten Masse nahe zu bringen. Sie ist ein deutsches Qualit\u00e4ts- und Hightechprodukt ihrer Zeit. Entsprechend ihrer Hochwertigkeit sind auch die damaligen Preise im oberen Segment angesiedelt. Diese variieren entsprechend der Body- und Objektivkombination und reichen 1937 von 360,- bis hin zu 695,- Reichsmark. Unten gezeigt links eine Contax III mit versenkbaren Tessar 50mm f2.8 und rechts einer Contax II mit einem Sonnar 50mm f1.5. Die Preisgestaltung gestaltete sich damals folgenderma\u00dfen: Contax II (III) &#8211; Zeiss Tessar 5cm f3.5 360,- RM (470,- RM), Zeiss Tessar 5cm f2,8 385,- RM (495,- RM), Sonnar 5cm f2 450,- RM (560,- RM), Sonnar 5cm f1.5 585,- RM (695,- RM). Bei der rechts gezeigten Contax II wurde vielleicht vom einen oder anderen aufmerksamen Beobachter der seitliche Blitzanschluss bemerkt. Dieser ist nicht \u201eoriginal\u201c, da Blitzfotografie erst in der Nachkriegszeit ein gro\u00dfes Thema wurde. Kameras dieser Zeit waren allerdings eine sehr teure Anschaffung und damit kein Wegwerfprodukt. Aus diesem Grunde hat diese Kamera, wie viele andere Kameras aus dieser Zeit auch, von einem seiner Vorbesitzer dieses Update erhalten. <\/p>\n\n\n\n<figure class=\"wp-block-image size-large\"><img loading=\"lazy\" decoding=\"async\" width=\"1024\" height=\"683\" src=\"https:\/\/altglasfieber.de\/altglas\/wp-content\/uploads\/2023\/08\/contaxii-8-1024x683.jpg\" alt=\"\" class=\"wp-image-5856\" srcset=\"https:\/\/altglasfieber.de\/altglas\/wp-content\/uploads\/2023\/08\/contaxii-8-1024x683.jpg 1024w, https:\/\/altglasfieber.de\/altglas\/wp-content\/uploads\/2023\/08\/contaxii-8-300x200.jpg 300w, https:\/\/altglasfieber.de\/altglas\/wp-content\/uploads\/2023\/08\/contaxii-8-768x513.jpg 768w, https:\/\/altglasfieber.de\/altglas\/wp-content\/uploads\/2023\/08\/contaxii-8.jpg 1500w\" sizes=\"auto, (max-width: 1024px) 100vw, 1024px\" \/><\/figure>\n\n\n\n<p>Die Qualit\u00e4t der Contax und deren Objektive wird auch von Berufsfotografen ihrer Zeit gesch\u00e4tzt. Nicht umsonst d\u00fcrfte der Starfotograf und Mitbegr\u00fcnder von MAGNUM Photo und vor allem als Kriegsjournalist bekannte Fotograf Robert Capa, der \u201eHaifisch\u201c, eine Contax II im spanischen B\u00fcrgerkrieg oder bei der Landung am \u201eOhama Beach\u201c am D-Day gew\u00e4hlt haben. Vielleicht hat Capa auch Dr. Emanuel Goldberg im seinem vor\u00fcbergehenden Exil und Au\u00dfenstelle von Zeiss-Ikon in Paris kennengelernt? Von seinen unter Beschuss entstandenen Filmen in der Normandie \u00fcberlebten aufgrund eines Laborfehlers letztlich nur elf Aufnahmen, die allerdings um die Welt gingen. Robert Capa, eigentlich als Endre Ern\u0151 Friedmann in Budapest mit j\u00fcdischen Wurzeln geboren, fotografierte bekannte Schauspielerinnen und K\u00fcnstler wie Matisse oder Picasso. Als Kriegsphotojournalist war er auf insgesamt f\u00fcnf Kriegsschaupl\u00e4tzen t\u00e4tig. Bei seinem letzten Einsatz im Indochinakrieg wird Capa von einer Antipersonenmine get\u00f6tet. Von ihm stammt das Zitat: \u201eWenn deine Bilder nicht gut genug sind, dann bist du nicht nah genug dran.\u201c <\/p>\n\n\n<div class=\"wp-block-image\">\n<figure class=\"aligncenter size-large\"><img loading=\"lazy\" decoding=\"async\" width=\"1024\" height=\"682\" src=\"https:\/\/altglasfieber.de\/altglas\/wp-content\/uploads\/2023\/08\/8D3E22B2-2759-4217-887E-4B629470E621-1024x682.jpeg\" alt=\"\" class=\"wp-image-5884\" srcset=\"https:\/\/altglasfieber.de\/altglas\/wp-content\/uploads\/2023\/08\/8D3E22B2-2759-4217-887E-4B629470E621-1024x682.jpeg 1024w, https:\/\/altglasfieber.de\/altglas\/wp-content\/uploads\/2023\/08\/8D3E22B2-2759-4217-887E-4B629470E621-300x200.jpeg 300w, https:\/\/altglasfieber.de\/altglas\/wp-content\/uploads\/2023\/08\/8D3E22B2-2759-4217-887E-4B629470E621-768x512.jpeg 768w, https:\/\/altglasfieber.de\/altglas\/wp-content\/uploads\/2023\/08\/8D3E22B2-2759-4217-887E-4B629470E621.jpeg 1501w\" sizes=\"auto, (max-width: 1024px) 100vw, 1024px\" \/><\/figure><\/div>\n\n\n<p>W\u00e4hrend des Zweiten Weltkriegs werden bei amerikanischen Luftangriffen Werke der Zeiss-Ikon AG zerst\u00f6rt und besch\u00e4digt. Dabei gehen Menschenleben, Maschinen, Pl\u00e4ne und auch das damit verbundene Know-How teilweise verloren. Die Geschichte der Contax, dem \u201eLeica-Killer\u201c aus der Hause Zeiss-Ikon AG scheint eigentlich beendet. Deutsche Technologie, die anderen L\u00e4ndern teils Jahre voraus ist, ist unter den Siegerm\u00e4chten hoch gefragt. Die Werke werden daher nicht nur von Soldaten besetzt, sondern von fachkundigen Spezialisten genau untersucht. Im Rennen nach Know-how, Maschinen, Pl\u00e4nen und auch Personal geht das damalige Hightechprodukt in der Nachkriegszeit zwei unterschiedliche und auch neue Wege. Diese f\u00fchren im wesentlichen einmal ins ferne Kiew und einmal nach S\u00fcddeutschland. Erst Jahrzehnte sp\u00e4ter wird der Name Contax im Niedergang der deutschen Kameraindustrie mit japanischen Partnern wie Kyocera oder Yashica wiederbelebt. <\/p>\n\n\n\n<p>Der Kiev und Contax IIA \/ IIIA sind weitere Blogartikel dieser Website gewidmet.<\/p>\n\n\n<div class=\"wp-block-image\">\n<figure class=\"aligncenter size-large\"><img loading=\"lazy\" decoding=\"async\" width=\"1024\" height=\"682\" src=\"https:\/\/altglasfieber.de\/altglas\/wp-content\/uploads\/2023\/08\/CBE1FE12-3B62-4ADA-85EB-D1390EE90C75-1024x682.jpeg\" alt=\"\" class=\"wp-image-5880\" srcset=\"https:\/\/altglasfieber.de\/altglas\/wp-content\/uploads\/2023\/08\/CBE1FE12-3B62-4ADA-85EB-D1390EE90C75-1024x682.jpeg 1024w, https:\/\/altglasfieber.de\/altglas\/wp-content\/uploads\/2023\/08\/CBE1FE12-3B62-4ADA-85EB-D1390EE90C75-300x200.jpeg 300w, https:\/\/altglasfieber.de\/altglas\/wp-content\/uploads\/2023\/08\/CBE1FE12-3B62-4ADA-85EB-D1390EE90C75-768x512.jpeg 768w, https:\/\/altglasfieber.de\/altglas\/wp-content\/uploads\/2023\/08\/CBE1FE12-3B62-4ADA-85EB-D1390EE90C75.jpeg 1501w\" sizes=\"auto, (max-width: 1024px) 100vw, 1024px\" \/><\/figure><\/div>\n\n\n<p><strong>Mit Gr\u00fc\u00dfen an Ilona S. nach Berlin. Von Ihr habe ich aus dem Nachlass Ihres Vaters neben einer Contax IIIA auch eine defekt Contax II erhalten. Die Contax II wurde mittlerweile repariert und durfte nach Berlin kurz zur\u00fcckkehren und beispielsweise folgende Fotos zu machen.<\/strong><\/p>\n\n\n<div class=\"wp-block-image\">\n<figure class=\"aligncenter size-large is-resized\"><img loading=\"lazy\" decoding=\"async\" src=\"https:\/\/altglasfieber.de\/altglas\/wp-content\/uploads\/2023\/08\/contaxii-15-1024x678.jpg\" alt=\"\" class=\"wp-image-5863\" style=\"width:727px;height:481px\" width=\"727\" height=\"481\" srcset=\"https:\/\/altglasfieber.de\/altglas\/wp-content\/uploads\/2023\/08\/contaxii-15-1024x678.jpg 1024w, https:\/\/altglasfieber.de\/altglas\/wp-content\/uploads\/2023\/08\/contaxii-15-300x199.jpg 300w, https:\/\/altglasfieber.de\/altglas\/wp-content\/uploads\/2023\/08\/contaxii-15-768x508.jpg 768w, https:\/\/altglasfieber.de\/altglas\/wp-content\/uploads\/2023\/08\/contaxii-15.jpg 1500w\" sizes=\"auto, (max-width: 727px) 100vw, 727px\" \/><\/figure><\/div>\n\n<div class=\"wp-block-image\">\n<figure class=\"aligncenter size-large is-resized\"><img loading=\"lazy\" decoding=\"async\" src=\"https:\/\/altglasfieber.de\/altglas\/wp-content\/uploads\/2023\/08\/contaxii-12-1024x686.jpg\" alt=\"\" class=\"wp-image-5860\" style=\"width:727px;height:487px\" width=\"727\" height=\"487\" srcset=\"https:\/\/altglasfieber.de\/altglas\/wp-content\/uploads\/2023\/08\/contaxii-12-1024x686.jpg 1024w, https:\/\/altglasfieber.de\/altglas\/wp-content\/uploads\/2023\/08\/contaxii-12-300x201.jpg 300w, https:\/\/altglasfieber.de\/altglas\/wp-content\/uploads\/2023\/08\/contaxii-12-768x515.jpg 768w, https:\/\/altglasfieber.de\/altglas\/wp-content\/uploads\/2023\/08\/contaxii-12.jpg 1500w\" sizes=\"auto, (max-width: 727px) 100vw, 727px\" \/><\/figure><\/div>\n\n\n<figure class=\"wp-block-image size-large\"><img loading=\"lazy\" decoding=\"async\" width=\"1024\" height=\"682\" src=\"https:\/\/altglasfieber.de\/altglas\/wp-content\/uploads\/2023\/08\/3DB50297-1B0F-4A4E-B1C2-D36103481819-1024x682.jpeg\" alt=\"\" class=\"wp-image-5883\" srcset=\"https:\/\/altglasfieber.de\/altglas\/wp-content\/uploads\/2023\/08\/3DB50297-1B0F-4A4E-B1C2-D36103481819-1024x682.jpeg 1024w, https:\/\/altglasfieber.de\/altglas\/wp-content\/uploads\/2023\/08\/3DB50297-1B0F-4A4E-B1C2-D36103481819-300x200.jpeg 300w, https:\/\/altglasfieber.de\/altglas\/wp-content\/uploads\/2023\/08\/3DB50297-1B0F-4A4E-B1C2-D36103481819-768x512.jpeg 768w, https:\/\/altglasfieber.de\/altglas\/wp-content\/uploads\/2023\/08\/3DB50297-1B0F-4A4E-B1C2-D36103481819.jpeg 1501w\" sizes=\"auto, (max-width: 1024px) 100vw, 1024px\" \/><\/figure>\n\n\n<div class=\"wp-block-image\">\n<figure class=\"aligncenter size-large is-resized\"><img loading=\"lazy\" decoding=\"async\" src=\"https:\/\/altglasfieber.de\/altglas\/wp-content\/uploads\/2023\/08\/contaxii-13-672x1024.jpg\" alt=\"\" class=\"wp-image-5861\" style=\"width:672px;height:1024px\" width=\"672\" height=\"1024\" srcset=\"https:\/\/altglasfieber.de\/altglas\/wp-content\/uploads\/2023\/08\/contaxii-13-672x1024.jpg 672w, https:\/\/altglasfieber.de\/altglas\/wp-content\/uploads\/2023\/08\/contaxii-13-197x300.jpg 197w, https:\/\/altglasfieber.de\/altglas\/wp-content\/uploads\/2023\/08\/contaxii-13-768x1171.jpg 768w, https:\/\/altglasfieber.de\/altglas\/wp-content\/uploads\/2023\/08\/contaxii-13.jpg 984w\" sizes=\"auto, (max-width: 672px) 100vw, 672px\" \/><\/figure><\/div>","protected":false},"excerpt":{"rendered":"<p>Es gibt wenige ikonische Kameras mit so vielen technischen und geschichtlichen Facetten wie die Contax. &hellip; <a href=\"https:\/\/altglasfieber.de\/altglas\/2023\/08\/09\/contax-story-ii-iii-teil-2\/\" class=\"more-link\"><span>Continue reading<span class=\"screen-reader-text\">Contax-Story II \/ III &#8211; Teil 2<\/span><\/span><\/a><\/p>\n","protected":false},"author":2,"featured_media":5852,"comment_status":"open","ping_status":"open","sticky":false,"template":"","format":"standard","meta":{"footnotes":""},"categories":[6],"tags":[591,259,186,552,439,589,590,406,438,440,592,593,594,201,553],"class_list":["post-5843","post","type-post","status-publish","format-standard","has-post-thumbnail","hentry","category-altmetall","tag-belichtungsmesser","tag-contax","tag-dresden","tag-emanuel-goldberg","tag-goldberg","tag-heinz-kueppenbender","tag-hubert-nerwin","tag-ikon","tag-kueppenbender","tag-nerwin","tag-olympiade","tag-sommerspiele","tag-winterspiele","tag-zeiss","tag-zeiss-ikon"],"_links":{"self":[{"href":"https:\/\/altglasfieber.de\/altglas\/wp-json\/wp\/v2\/posts\/5843","targetHints":{"allow":["GET"]}}],"collection":[{"href":"https:\/\/altglasfieber.de\/altglas\/wp-json\/wp\/v2\/posts"}],"about":[{"href":"https:\/\/altglasfieber.de\/altglas\/wp-json\/wp\/v2\/types\/post"}],"author":[{"embeddable":true,"href":"https:\/\/altglasfieber.de\/altglas\/wp-json\/wp\/v2\/users\/2"}],"replies":[{"embeddable":true,"href":"https:\/\/altglasfieber.de\/altglas\/wp-json\/wp\/v2\/comments?post=5843"}],"version-history":[{"count":71,"href":"https:\/\/altglasfieber.de\/altglas\/wp-json\/wp\/v2\/posts\/5843\/revisions"}],"predecessor-version":[{"id":5998,"href":"https:\/\/altglasfieber.de\/altglas\/wp-json\/wp\/v2\/posts\/5843\/revisions\/5998"}],"wp:featuredmedia":[{"embeddable":true,"href":"https:\/\/altglasfieber.de\/altglas\/wp-json\/wp\/v2\/media\/5852"}],"wp:attachment":[{"href":"https:\/\/altglasfieber.de\/altglas\/wp-json\/wp\/v2\/media?parent=5843"}],"wp:term":[{"taxonomy":"category","embeddable":true,"href":"https:\/\/altglasfieber.de\/altglas\/wp-json\/wp\/v2\/categories?post=5843"},{"taxonomy":"post_tag","embeddable":true,"href":"https:\/\/altglasfieber.de\/altglas\/wp-json\/wp\/v2\/tags?post=5843"}],"curies":[{"name":"wp","href":"https:\/\/api.w.org\/{rel}","templated":true}]}}